{"id":16814,"date":"2014-01-16T07:00:04","date_gmt":"2014-01-16T06:00:04","guid":{"rendered":"http:\/\/aero.wenodev.com\/?p=16814"},"modified":"2019-06-26T02:33:26","modified_gmt":"2019-06-26T00:33:26","slug":"une-premiere-au-canada-air-transat-et-aerocycle-jettent-les-bases-dun-programme-de-demantelement-ecoresponsable-davions-commerciaux","status":"publish","type":"post","link":"https:\/\/www.aerocycle.com\/fr\/2014\/01\/16\/une-premiere-au-canada-air-transat-et-aerocycle-jettent-les-bases-dun-programme-de-demantelement-ecoresponsable-davions-commerciaux\/","title":{"rendered":"Une premi\u00e8re au Canada\u00a0: Air Transat et Aerocycle jettent les bases d\u2019un programme de d\u00e9mant\u00e8lement \u00e9coresponsable d\u2019avions commerciaux"},"content":{"rendered":"\r\n<p>Air Transat, en collaboration avec l\u2019entreprise Aerocycle, sp\u00e9cialis\u00e9e dans le d\u00e9mant\u00e8lement et le recyclage \u00e9coresponsable d\u2019a\u00e9ronefs, continue de se d\u00e9marquer en mati\u00e8re de d\u00e9veloppement durable en jetant les bases d\u2019un programme de d\u00e9mant\u00e8lement des appareils en fin de vie.\u00a0<\/p>\r\n\r\n\r\n\r\n<p><strong>COMMUNIQU\u00c9 DE PRESSE POUR DIFFUSION IMM\u00c9DIATE<\/strong><\/p>\r\n\r\n\r\n\r\n<p><strong>Une premi\u00e8re au Canada: Air Transat et Aerocycle jettent les bases d\u2019un programme de d\u00e9mant\u00e8lement \u00e9coresponsable d\u2019avions commerciaux <\/strong><\/p>\r\n\r\n\r\n\r\n<p><em>Gr\u00e2ce \u00e0 cette initiative, plus de 85% de la masse totale des appareils en fin de vie peut \u00eatre r\u00e9cup\u00e9r\u00e9e et recycl\u00e9e<\/em><\/p>\r\n\r\n\r\n\r\n<p><strong>Montr\u00e9al, 16 janvier 2014<\/strong> \u2014 Air Transat, en collaboration avec l\u2019entreprise Aerocycle, sp\u00e9cialis\u00e9e dans le d\u00e9mant\u00e8lement et le recyclage \u00e9coresponsable d\u2019a\u00e9ronefs, continue de se d\u00e9marquer en mati\u00e8re de d\u00e9veloppement durable en jetant les bases d\u2019un programme de d\u00e9mant\u00e8lement des appareils en fin de vie. Ce projet a permis de proc\u00e9der au d\u00e9mant\u00e8lement \u00e9coresponsable et durable de deux Airbus A310 et de r\u00e9cup\u00e9rer 87\u00a0% des composantes des appareils.<\/p>\r\n\r\n\r\n\r\n<p>R\u00e9alis\u00e9 \u00e0 l\u2019a\u00e9roport de Mirabel en juillet 2013, le d\u00e9mant\u00e8lement des deux appareils d\u2019Air Transat a \u00e9t\u00e9 ex\u00e9cut\u00e9 en respectant la norme internationale \u00e9tablie par l\u2019Aircraft Fleet Recycling Association (AFRA) de m\u00eame qu\u2019un syst\u00e8me de gestion environnementale mis sur pied par A\u00e9roports de Montr\u00e9al (ADM), sous la coordination du cabinet-conseil en d\u00e9veloppement durable Eko-Conseil.<\/p>\r\n\r\n\r\n\r\n<p>\u00ab\u00a0La protection de l\u2019environnement et le d\u00e9veloppement durable font partie de la culture d\u2019entreprise de Transat. Depuis 2007, nous intensifions nos efforts en mati\u00e8re de gestion environnementale et nous sommes fiers aujourd\u2019hui d\u2019\u00eatre consid\u00e9r\u00e9s comme des leaders dans le dossier du d\u00e9mant\u00e8lement d\u2019appareils en fin de vie. Pour \u00eatre qualifi\u00e9 de durable, un d\u00e9mant\u00e8lement doit permettre de recycler au moins 85% de l\u2019appareil. Gr\u00e2ce \u00e0 la participation de nos employ\u00e9s et de notre r\u00e9seau de partenaires, nous avons pu atteindre un niveau de performance impressionnant et d\u00e9passer la norme \u00e9tablie par l\u2019industrie \u00bb, a d\u00e9clar\u00e9 Jean-Fran\u00e7ois Lemay, directeur g\u00e9n\u00e9ral d\u2019Air Transat.<\/p>\r\n\r\n\r\n\r\n<p>Bien qu\u2019aucune norme environnementale en mati\u00e8re de d\u00e9mant\u00e8lement ne soit pr\u00e9sentement impos\u00e9 en Am\u00e9rique du Nord, l\u2019\u2019initiative d\u2019Air Transat et d\u2019Aerocycle a permis de r\u00e9cup\u00e9rer 83 tonnes d\u2019aluminium et de traiter tous les mat\u00e9riaux recycl\u00e9s localement. En optant pour un d\u00e9mant\u00e8lement local, Air Transat a pu assurer un meilleur contr\u00f4le des impacts environnementaux et diminuer les risques li\u00e9s \u00e0 la gestion des mati\u00e8res dangereuses. L\u2019entreprise a \u00e9galement contribu\u00e9 \u00e0 cr\u00e9er une expertise en mati\u00e8re de d\u00e9mant\u00e8lement \u00e9coresponsable au Qu\u00e9bec tout en encourageant les entreprises locales de recyclage.<\/p>\r\n\r\n\r\n\r\n<p>\u00ab Au cours des 20 prochaines ann\u00e9es, quelque 12\u00a0000 avions commerciaux devront \u00eatre d\u00e9mantel\u00e9s \u00e0 l\u2019\u00e9chelle mondiale, d\u00e9clare Ron Haber, pr\u00e9sident et chef de la direction d&rsquo;Aerocycle. D\u00e9j\u00e0, le Qu\u00e9bec est un centre n\u00e9vralgique dans le domaine de l\u2019a\u00e9ronautique et nous avons comme objectif de faire de Montr\u00e9al un p\u00f4le d\u2019excellence dans le d\u00e9mant\u00e8lement et le recyclage d\u2019avions. Nous sommes heureux de pouvoir compter sur des entreprises comme Air Transat, ADM, A\u00e9ro-Montr\u00e9al, la grappe a\u00e9rospatiale du Qu\u00e9bec et Eko-Conseil, qui ont \u00e0 c\u0153ur la gestion environnementale des appareils en fin de vie\u00a0\u00bb, a conclu M. Haber.<\/p>\r\n\r\n\r\n\r\n<p><strong>\u00c0 propos d\u2019Air Transat<\/strong><\/p>\r\n\r\n\r\n\r\n<p>Air Transat est le plus important transporteur a\u00e9rien canadien sp\u00e9cialis\u00e9 dans les voyages vacances. Chaque ann\u00e9e, la soci\u00e9t\u00e9 transporte environ 3 millions de passagers vers pr\u00e8s de 60 destinations dans 25 pays \u00e0 l\u2019aide d\u2019une flotte compos\u00e9e de gros porteurs Airbus. La soci\u00e9t\u00e9 emploie environ 2 000 personnes. Air Transat est une filiale de Transat A.T. inc., un voyagiste international int\u00e9gr\u00e9 qui compte plus de 60 pays de destination et qui distribue des produits dans plus de 50 pays.<\/p>\r\n\r\n\r\n\r\n<p><strong>\u00c0 propos d\u2019Aerocycle<\/strong><\/p>\r\n\r\n\r\n\r\n<p>Aerocycle est une entreprise canadienne sp\u00e9cialis\u00e9e dans le d\u00e9mant\u00e8lement et le recyclage d&rsquo;a\u00e9ronefs. L\u2019\u00e9quipe compte plus de 25 ann\u00e9es d\u2019exp\u00e9rience en d\u00e9mant\u00e8lement s\u00e9curitaire et responsable d\u2019\u00e9quipements en fin de vie. Aerocycle travaille de concert avec des grandes soci\u00e9t\u00e9s soucieuses du d\u00e9veloppement durable qui se compose principalement de transporteurs a\u00e9riens, de gestionnaires de flottes a\u00e9riennes et de gouvernements.<\/p>\r\n\r\n\r\n\r\n<p>-30 &#8211;<\/p>\r\n\r\n\r\n\r\n<p>Sources : Transat A.T. inc. \/ <a href=\"http:\/\/www.transat.com\">www.transat.com<\/a><\/p>\r\n\r\n\r\n\r\n<p>Aerocycle inc. \/ <a href=\"http:\/\/www.aerocycle.com\" target=\"_blank\" rel=\"noreferrer noopener\">www.aerocycle.com<\/a><\/p>\r\n\r\n\r\n\r\n<p>Contact m\u00e9dias : Debbie Cabana<br \/>Conseill\u00e8re, communication et relations avec les m\u00e9dias<br \/>514 987-1616, poste 4662<br \/><a href=\"mailto:Debbie.Cabana@transat.com\">Debbie.Cabana@transat.com<\/a><\/p>\r\n\r\n\r\n\r\n\r\n\r\n\r\n\r\n<div>Ron Haber<\/div>\r\n<div>Pr\u00e9sident<br \/>Aerocycle<\/div>\r\n<div><a href=\"mailto:rhaber@aerocycle.com\" target=\"_blank\" rel=\"noopener noreferrer\" data-behavior=\"truncate\">rhaber@aerocycle.com<\/a><\/div>\r\n\r\n\r\n","protected":false},"excerpt":{"rendered":"<p>Air Transat, en collaboration avec l\u2019entreprise Aerocycle, sp\u00e9cialis\u00e9e dans le d\u00e9mant\u00e8lement et le recyclage \u00e9coresponsable d\u2019a\u00e9ronefs, continue de se d\u00e9marquer en mati\u00e8re de d\u00e9veloppement durable en jetant les bases d\u2019un programme de d\u00e9mant\u00e8lement des appareils en fin de vie.\u00a0 COMMUNIQU\u00c9 DE PRESSE POUR DIFFUSION IMM\u00c9DIATE&#8230;<\/p>\n","protected":false},"author":2,"featured_media":16802,"comment_status":"open","ping_status":"open","sticky":false,"template":"","format":"standard","meta":{"footnotes":""},"categories":[133,132],"tags":[10,13,17,36],"class_list":["post-16814","post","type-post","status-publish","format-standard","has-post-thumbnail","hentry","category-medias","category-nouvelles","tag-analysis","tag-articles","tag-business","tag-opportunities"],"yoast_head":"<!-- This site is optimized with the Yoast SEO plugin v26.6 - https:\/\/yoast.com\/wordpress\/plugins\/seo\/ -->\n<title>Une premi\u00e8re au Canada\u00a0: Air Transat et Aerocycle jettent les bases d\u2019un programme de d\u00e9mant\u00e8lement \u00e9coresponsable d\u2019avions commerciaux - Aerocycle<\/title>\n<meta name=\"robots\" content=\"index, follow, max-snippet:-1, max-image-preview:large, max-video-preview:-1\" \/>\n<link rel=\"canonical\" href=\"https:\/\/www.aerocycle.com\/fr\/2014\/01\/16\/une-premiere-au-canada-air-transat-et-aerocycle-jettent-les-bases-dun-programme-de-demantelement-ecoresponsable-davions-commerciaux\/\" \/>\n<meta property=\"og:locale\" content=\"fr_FR\" \/>\n<meta property=\"og:type\" content=\"article\" \/>\n<meta property=\"og:title\" content=\"Une premi\u00e8re au Canada\u00a0: Air Transat et Aerocycle jettent les bases d\u2019un programme de d\u00e9mant\u00e8lement \u00e9coresponsable d\u2019avions commerciaux - Aerocycle\" \/>\n<meta property=\"og:description\" content=\"Air Transat, en collaboration avec l\u2019entreprise Aerocycle, sp\u00e9cialis\u00e9e dans le d\u00e9mant\u00e8lement et le recyclage \u00e9coresponsable d\u2019a\u00e9ronefs, continue de se d\u00e9marquer en mati\u00e8re de d\u00e9veloppement durable en jetant les bases d\u2019un programme de d\u00e9mant\u00e8lement des appareils en fin de vie.\u00a0 COMMUNIQU\u00c9 DE PRESSE POUR DIFFUSION IMM\u00c9DIATE...\" \/>\n<meta property=\"og:url\" content=\"https:\/\/www.aerocycle.com\/fr\/2014\/01\/16\/une-premiere-au-canada-air-transat-et-aerocycle-jettent-les-bases-dun-programme-de-demantelement-ecoresponsable-davions-commerciaux\/\" \/>\n<meta property=\"og:site_name\" content=\"Aerocycle\" \/>\n<meta property=\"article:published_time\" content=\"2014-01-16T06:00:04+00:00\" \/>\n<meta property=\"article:modified_time\" content=\"2019-06-26T00:33:26+00:00\" \/>\n<meta property=\"og:image\" content=\"https:\/\/www.aerocycle.com\/wp-content\/uploads\/2013\/10\/shutterstock_202160326_p.jpg\" \/>\n\t<meta property=\"og:image:width\" content=\"1100\" \/>\n\t<meta property=\"og:image:height\" content=\"734\" \/>\n\t<meta property=\"og:image:type\" content=\"image\/jpeg\" \/>\n<meta name=\"author\" content=\"Aerocycle\" \/>\n<meta name=\"twitter:card\" content=\"summary_large_image\" \/>\n<meta name=\"twitter:label1\" content=\"\u00c9crit par\" \/>\n\t<meta name=\"twitter:data1\" content=\"Aerocycle\" \/>\n\t<meta name=\"twitter:label2\" content=\"Dur\u00e9e de lecture estim\u00e9e\" \/>\n\t<meta name=\"twitter:data2\" content=\"4 minutes\" \/>\n<script type=\"application\/ld+json\" class=\"yoast-schema-graph\">{\"@context\":\"https:\/\/schema.org\",\"@graph\":[{\"@type\":\"Article\",\"@id\":\"https:\/\/www.aerocycle.com\/fr\/2014\/01\/16\/une-premiere-au-canada-air-transat-et-aerocycle-jettent-les-bases-dun-programme-de-demantelement-ecoresponsable-davions-commerciaux\/#article\",\"isPartOf\":{\"@id\":\"https:\/\/www.aerocycle.com\/fr\/2014\/01\/16\/une-premiere-au-canada-air-transat-et-aerocycle-jettent-les-bases-dun-programme-de-demantelement-ecoresponsable-davions-commerciaux\/\"},\"author\":{\"name\":\"Aerocycle\",\"@id\":\"https:\/\/www.aerocycle.com\/fr\/#\/schema\/person\/22014b89d662428437aad9950b86e075\"},\"headline\":\"Une premi\u00e8re au Canada\u00a0: Air Transat et Aerocycle jettent les bases d\u2019un programme de d\u00e9mant\u00e8lement \u00e9coresponsable d\u2019avions commerciaux\",\"datePublished\":\"2014-01-16T06:00:04+00:00\",\"dateModified\":\"2019-06-26T00:33:26+00:00\",\"mainEntityOfPage\":{\"@id\":\"https:\/\/www.aerocycle.com\/fr\/2014\/01\/16\/une-premiere-au-canada-air-transat-et-aerocycle-jettent-les-bases-dun-programme-de-demantelement-ecoresponsable-davions-commerciaux\/\"},\"wordCount\":827,\"commentCount\":0,\"publisher\":{\"@id\":\"https:\/\/www.aerocycle.com\/fr\/#organization\"},\"image\":{\"@id\":\"https:\/\/www.aerocycle.com\/fr\/2014\/01\/16\/une-premiere-au-canada-air-transat-et-aerocycle-jettent-les-bases-dun-programme-de-demantelement-ecoresponsable-davions-commerciaux\/#primaryimage\"},\"thumbnailUrl\":\"https:\/\/www.aerocycle.com\/wp-content\/uploads\/2013\/10\/shutterstock_202160326_p.jpg\",\"keywords\":[\"Analysis\",\"Articles\",\"Business\",\"Opportunities\"],\"articleSection\":[\"M\u00e9dias\",\"Nouvelles\"],\"inLanguage\":\"fr-FR\"},{\"@type\":\"WebPage\",\"@id\":\"https:\/\/www.aerocycle.com\/fr\/2014\/01\/16\/une-premiere-au-canada-air-transat-et-aerocycle-jettent-les-bases-dun-programme-de-demantelement-ecoresponsable-davions-commerciaux\/\",\"url\":\"https:\/\/www.aerocycle.com\/fr\/2014\/01\/16\/une-premiere-au-canada-air-transat-et-aerocycle-jettent-les-bases-dun-programme-de-demantelement-ecoresponsable-davions-commerciaux\/\",\"name\":\"Une premi\u00e8re au Canada\u00a0: Air Transat et Aerocycle jettent les bases d\u2019un programme de d\u00e9mant\u00e8lement \u00e9coresponsable d\u2019avions commerciaux - Aerocycle\",\"isPartOf\":{\"@id\":\"https:\/\/www.aerocycle.com\/fr\/#website\"},\"primaryImageOfPage\":{\"@id\":\"https:\/\/www.aerocycle.com\/fr\/2014\/01\/16\/une-premiere-au-canada-air-transat-et-aerocycle-jettent-les-bases-dun-programme-de-demantelement-ecoresponsable-davions-commerciaux\/#primaryimage\"},\"image\":{\"@id\":\"https:\/\/www.aerocycle.com\/fr\/2014\/01\/16\/une-premiere-au-canada-air-transat-et-aerocycle-jettent-les-bases-dun-programme-de-demantelement-ecoresponsable-davions-commerciaux\/#primaryimage\"},\"thumbnailUrl\":\"https:\/\/www.aerocycle.com\/wp-content\/uploads\/2013\/10\/shutterstock_202160326_p.jpg\",\"datePublished\":\"2014-01-16T06:00:04+00:00\",\"dateModified\":\"2019-06-26T00:33:26+00:00\",\"breadcrumb\":{\"@id\":\"https:\/\/www.aerocycle.com\/fr\/2014\/01\/16\/une-premiere-au-canada-air-transat-et-aerocycle-jettent-les-bases-dun-programme-de-demantelement-ecoresponsable-davions-commerciaux\/#breadcrumb\"},\"inLanguage\":\"fr-FR\",\"potentialAction\":[{\"@type\":\"ReadAction\",\"target\":[\"https:\/\/www.aerocycle.com\/fr\/2014\/01\/16\/une-premiere-au-canada-air-transat-et-aerocycle-jettent-les-bases-dun-programme-de-demantelement-ecoresponsable-davions-commerciaux\/\"]}]},{\"@type\":\"ImageObject\",\"inLanguage\":\"fr-FR\",\"@id\":\"https:\/\/www.aerocycle.com\/fr\/2014\/01\/16\/une-premiere-au-canada-air-transat-et-aerocycle-jettent-les-bases-dun-programme-de-demantelement-ecoresponsable-davions-commerciaux\/#primaryimage\",\"url\":\"https:\/\/www.aerocycle.com\/wp-content\/uploads\/2013\/10\/shutterstock_202160326_p.jpg\",\"contentUrl\":\"https:\/\/www.aerocycle.com\/wp-content\/uploads\/2013\/10\/shutterstock_202160326_p.jpg\",\"width\":1100,\"height\":734},{\"@type\":\"BreadcrumbList\",\"@id\":\"https:\/\/www.aerocycle.com\/fr\/2014\/01\/16\/une-premiere-au-canada-air-transat-et-aerocycle-jettent-les-bases-dun-programme-de-demantelement-ecoresponsable-davions-commerciaux\/#breadcrumb\",\"itemListElement\":[{\"@type\":\"ListItem\",\"position\":1,\"name\":\"Accueil\",\"item\":\"https:\/\/www.aerocycle.com\/fr\/\"},{\"@type\":\"ListItem\",\"position\":2,\"name\":\"Une premi\u00e8re au Canada\u00a0: Air Transat et Aerocycle jettent les bases d\u2019un programme de d\u00e9mant\u00e8lement \u00e9coresponsable d\u2019avions commerciaux\"}]},{\"@type\":\"WebSite\",\"@id\":\"https:\/\/www.aerocycle.com\/fr\/#website\",\"url\":\"https:\/\/www.aerocycle.com\/fr\/\",\"name\":\"Aerocycle\",\"description\":\"Un site utilisant WordPress\",\"publisher\":{\"@id\":\"https:\/\/www.aerocycle.com\/fr\/#organization\"},\"potentialAction\":[{\"@type\":\"SearchAction\",\"target\":{\"@type\":\"EntryPoint\",\"urlTemplate\":\"https:\/\/www.aerocycle.com\/fr\/?s={search_term_string}\"},\"query-input\":{\"@type\":\"PropertyValueSpecification\",\"valueRequired\":true,\"valueName\":\"search_term_string\"}}],\"inLanguage\":\"fr-FR\"},{\"@type\":\"Organization\",\"@id\":\"https:\/\/www.aerocycle.com\/fr\/#organization\",\"name\":\"Aerocycle\",\"url\":\"https:\/\/www.aerocycle.com\/fr\/\",\"logo\":{\"@type\":\"ImageObject\",\"inLanguage\":\"fr-FR\",\"@id\":\"https:\/\/www.aerocycle.com\/fr\/#\/schema\/logo\/image\/\",\"url\":\"https:\/\/www.aerocycle.com\/wp-content\/uploads\/2019\/06\/logo-Aerocycle-s.png\",\"contentUrl\":\"https:\/\/www.aerocycle.com\/wp-content\/uploads\/2019\/06\/logo-Aerocycle-s.png\",\"width\":103,\"height\":50,\"caption\":\"Aerocycle\"},\"image\":{\"@id\":\"https:\/\/www.aerocycle.com\/fr\/#\/schema\/logo\/image\/\"}},{\"@type\":\"Person\",\"@id\":\"https:\/\/www.aerocycle.com\/fr\/#\/schema\/person\/22014b89d662428437aad9950b86e075\",\"name\":\"Aerocycle\",\"image\":{\"@type\":\"ImageObject\",\"inLanguage\":\"fr-FR\",\"@id\":\"https:\/\/www.aerocycle.com\/fr\/#\/schema\/person\/image\/\",\"url\":\"https:\/\/secure.gravatar.com\/avatar\/e30eddd5cac43a69660ad0762ed3c8ecf8e169c0ccc3273c74b111e8892e83b3?s=96&d=mm&r=g\",\"contentUrl\":\"https:\/\/secure.gravatar.com\/avatar\/e30eddd5cac43a69660ad0762ed3c8ecf8e169c0ccc3273c74b111e8892e83b3?s=96&d=mm&r=g\",\"caption\":\"Aerocycle\"},\"url\":\"https:\/\/www.aerocycle.com\/fr\/author\/aerocycle\/\"}]}<\/script>\n<!-- \/ Yoast SEO plugin. -->","yoast_head_json":{"title":"Une premi\u00e8re au Canada\u00a0: Air Transat et Aerocycle jettent les bases d\u2019un programme de d\u00e9mant\u00e8lement \u00e9coresponsable d\u2019avions commerciaux - Aerocycle","robots":{"index":"index","follow":"follow","max-snippet":"max-snippet:-1","max-image-preview":"max-image-preview:large","max-video-preview":"max-video-preview:-1"},"canonical":"https:\/\/www.aerocycle.com\/fr\/2014\/01\/16\/une-premiere-au-canada-air-transat-et-aerocycle-jettent-les-bases-dun-programme-de-demantelement-ecoresponsable-davions-commerciaux\/","og_locale":"fr_FR","og_type":"article","og_title":"Une premi\u00e8re au Canada\u00a0: Air Transat et Aerocycle jettent les bases d\u2019un programme de d\u00e9mant\u00e8lement \u00e9coresponsable d\u2019avions commerciaux - Aerocycle","og_description":"Air Transat, en collaboration avec l\u2019entreprise Aerocycle, sp\u00e9cialis\u00e9e dans le d\u00e9mant\u00e8lement et le recyclage \u00e9coresponsable d\u2019a\u00e9ronefs, continue de se d\u00e9marquer en mati\u00e8re de d\u00e9veloppement durable en jetant les bases d\u2019un programme de d\u00e9mant\u00e8lement des appareils en fin de vie.\u00a0 COMMUNIQU\u00c9 DE PRESSE POUR DIFFUSION IMM\u00c9DIATE...","og_url":"https:\/\/www.aerocycle.com\/fr\/2014\/01\/16\/une-premiere-au-canada-air-transat-et-aerocycle-jettent-les-bases-dun-programme-de-demantelement-ecoresponsable-davions-commerciaux\/","og_site_name":"Aerocycle","article_published_time":"2014-01-16T06:00:04+00:00","article_modified_time":"2019-06-26T00:33:26+00:00","og_image":[{"width":1100,"height":734,"url":"https:\/\/www.aerocycle.com\/wp-content\/uploads\/2013\/10\/shutterstock_202160326_p.jpg","type":"image\/jpeg"}],"author":"Aerocycle","twitter_card":"summary_large_image","twitter_misc":{"\u00c9crit par":"Aerocycle","Dur\u00e9e de lecture estim\u00e9e":"4 minutes"},"schema":{"@context":"https:\/\/schema.org","@graph":[{"@type":"Article","@id":"https:\/\/www.aerocycle.com\/fr\/2014\/01\/16\/une-premiere-au-canada-air-transat-et-aerocycle-jettent-les-bases-dun-programme-de-demantelement-ecoresponsable-davions-commerciaux\/#article","isPartOf":{"@id":"https:\/\/www.aerocycle.com\/fr\/2014\/01\/16\/une-premiere-au-canada-air-transat-et-aerocycle-jettent-les-bases-dun-programme-de-demantelement-ecoresponsable-davions-commerciaux\/"},"author":{"name":"Aerocycle","@id":"https:\/\/www.aerocycle.com\/fr\/#\/schema\/person\/22014b89d662428437aad9950b86e075"},"headline":"Une premi\u00e8re au Canada\u00a0: Air Transat et Aerocycle jettent les bases d\u2019un programme de d\u00e9mant\u00e8lement \u00e9coresponsable d\u2019avions commerciaux","datePublished":"2014-01-16T06:00:04+00:00","dateModified":"2019-06-26T00:33:26+00:00","mainEntityOfPage":{"@id":"https:\/\/www.aerocycle.com\/fr\/2014\/01\/16\/une-premiere-au-canada-air-transat-et-aerocycle-jettent-les-bases-dun-programme-de-demantelement-ecoresponsable-davions-commerciaux\/"},"wordCount":827,"commentCount":0,"publisher":{"@id":"https:\/\/www.aerocycle.com\/fr\/#organization"},"image":{"@id":"https:\/\/www.aerocycle.com\/fr\/2014\/01\/16\/une-premiere-au-canada-air-transat-et-aerocycle-jettent-les-bases-dun-programme-de-demantelement-ecoresponsable-davions-commerciaux\/#primaryimage"},"thumbnailUrl":"https:\/\/www.aerocycle.com\/wp-content\/uploads\/2013\/10\/shutterstock_202160326_p.jpg","keywords":["Analysis","Articles","Business","Opportunities"],"articleSection":["M\u00e9dias","Nouvelles"],"inLanguage":"fr-FR"},{"@type":"WebPage","@id":"https:\/\/www.aerocycle.com\/fr\/2014\/01\/16\/une-premiere-au-canada-air-transat-et-aerocycle-jettent-les-bases-dun-programme-de-demantelement-ecoresponsable-davions-commerciaux\/","url":"https:\/\/www.aerocycle.com\/fr\/2014\/01\/16\/une-premiere-au-canada-air-transat-et-aerocycle-jettent-les-bases-dun-programme-de-demantelement-ecoresponsable-davions-commerciaux\/","name":"Une premi\u00e8re au Canada\u00a0: Air Transat et Aerocycle jettent les bases d\u2019un programme de d\u00e9mant\u00e8lement \u00e9coresponsable d\u2019avions commerciaux - Aerocycle","isPartOf":{"@id":"https:\/\/www.aerocycle.com\/fr\/#website"},"primaryImageOfPage":{"@id":"https:\/\/www.aerocycle.com\/fr\/2014\/01\/16\/une-premiere-au-canada-air-transat-et-aerocycle-jettent-les-bases-dun-programme-de-demantelement-ecoresponsable-davions-commerciaux\/#primaryimage"},"image":{"@id":"https:\/\/www.aerocycle.com\/fr\/2014\/01\/16\/une-premiere-au-canada-air-transat-et-aerocycle-jettent-les-bases-dun-programme-de-demantelement-ecoresponsable-davions-commerciaux\/#primaryimage"},"thumbnailUrl":"https:\/\/www.aerocycle.com\/wp-content\/uploads\/2013\/10\/shutterstock_202160326_p.jpg","datePublished":"2014-01-16T06:00:04+00:00","dateModified":"2019-06-26T00:33:26+00:00","breadcrumb":{"@id":"https:\/\/www.aerocycle.com\/fr\/2014\/01\/16\/une-premiere-au-canada-air-transat-et-aerocycle-jettent-les-bases-dun-programme-de-demantelement-ecoresponsable-davions-commerciaux\/#breadcrumb"},"inLanguage":"fr-FR","potentialAction":[{"@type":"ReadAction","target":["https:\/\/www.aerocycle.com\/fr\/2014\/01\/16\/une-premiere-au-canada-air-transat-et-aerocycle-jettent-les-bases-dun-programme-de-demantelement-ecoresponsable-davions-commerciaux\/"]}]},{"@type":"ImageObject","inLanguage":"fr-FR","@id":"https:\/\/www.aerocycle.com\/fr\/2014\/01\/16\/une-premiere-au-canada-air-transat-et-aerocycle-jettent-les-bases-dun-programme-de-demantelement-ecoresponsable-davions-commerciaux\/#primaryimage","url":"https:\/\/www.aerocycle.com\/wp-content\/uploads\/2013\/10\/shutterstock_202160326_p.jpg","contentUrl":"https:\/\/www.aerocycle.com\/wp-content\/uploads\/2013\/10\/shutterstock_202160326_p.jpg","width":1100,"height":734},{"@type":"BreadcrumbList","@id":"https:\/\/www.aerocycle.com\/fr\/2014\/01\/16\/une-premiere-au-canada-air-transat-et-aerocycle-jettent-les-bases-dun-programme-de-demantelement-ecoresponsable-davions-commerciaux\/#breadcrumb","itemListElement":[{"@type":"ListItem","position":1,"name":"Accueil","item":"https:\/\/www.aerocycle.com\/fr\/"},{"@type":"ListItem","position":2,"name":"Une premi\u00e8re au Canada\u00a0: Air Transat et Aerocycle jettent les bases d\u2019un programme de d\u00e9mant\u00e8lement \u00e9coresponsable d\u2019avions commerciaux"}]},{"@type":"WebSite","@id":"https:\/\/www.aerocycle.com\/fr\/#website","url":"https:\/\/www.aerocycle.com\/fr\/","name":"Aerocycle","description":"Un site utilisant WordPress","publisher":{"@id":"https:\/\/www.aerocycle.com\/fr\/#organization"},"potentialAction":[{"@type":"SearchAction","target":{"@type":"EntryPoint","urlTemplate":"https:\/\/www.aerocycle.com\/fr\/?s={search_term_string}"},"query-input":{"@type":"PropertyValueSpecification","valueRequired":true,"valueName":"search_term_string"}}],"inLanguage":"fr-FR"},{"@type":"Organization","@id":"https:\/\/www.aerocycle.com\/fr\/#organization","name":"Aerocycle","url":"https:\/\/www.aerocycle.com\/fr\/","logo":{"@type":"ImageObject","inLanguage":"fr-FR","@id":"https:\/\/www.aerocycle.com\/fr\/#\/schema\/logo\/image\/","url":"https:\/\/www.aerocycle.com\/wp-content\/uploads\/2019\/06\/logo-Aerocycle-s.png","contentUrl":"https:\/\/www.aerocycle.com\/wp-content\/uploads\/2019\/06\/logo-Aerocycle-s.png","width":103,"height":50,"caption":"Aerocycle"},"image":{"@id":"https:\/\/www.aerocycle.com\/fr\/#\/schema\/logo\/image\/"}},{"@type":"Person","@id":"https:\/\/www.aerocycle.com\/fr\/#\/schema\/person\/22014b89d662428437aad9950b86e075","name":"Aerocycle","image":{"@type":"ImageObject","inLanguage":"fr-FR","@id":"https:\/\/www.aerocycle.com\/fr\/#\/schema\/person\/image\/","url":"https:\/\/secure.gravatar.com\/avatar\/e30eddd5cac43a69660ad0762ed3c8ecf8e169c0ccc3273c74b111e8892e83b3?s=96&d=mm&r=g","contentUrl":"https:\/\/secure.gravatar.com\/avatar\/e30eddd5cac43a69660ad0762ed3c8ecf8e169c0ccc3273c74b111e8892e83b3?s=96&d=mm&r=g","caption":"Aerocycle"},"url":"https:\/\/www.aerocycle.com\/fr\/author\/aerocycle\/"}]}},"_links":{"self":[{"href":"https:\/\/www.aerocycle.com\/fr\/wp-json\/wp\/v2\/posts\/16814","targetHints":{"allow":["GET"]}}],"collection":[{"href":"https:\/\/www.aerocycle.com\/fr\/wp-json\/wp\/v2\/posts"}],"about":[{"href":"https:\/\/www.aerocycle.com\/fr\/wp-json\/wp\/v2\/types\/post"}],"author":[{"embeddable":true,"href":"https:\/\/www.aerocycle.com\/fr\/wp-json\/wp\/v2\/users\/2"}],"replies":[{"embeddable":true,"href":"https:\/\/www.aerocycle.com\/fr\/wp-json\/wp\/v2\/comments?post=16814"}],"version-history":[{"count":0,"href":"https:\/\/www.aerocycle.com\/fr\/wp-json\/wp\/v2\/posts\/16814\/revisions"}],"wp:featuredmedia":[{"embeddable":true,"href":"https:\/\/www.aerocycle.com\/fr\/wp-json\/wp\/v2\/media\/16802"}],"wp:attachment":[{"href":"https:\/\/www.aerocycle.com\/fr\/wp-json\/wp\/v2\/media?parent=16814"}],"wp:term":[{"taxonomy":"category","embeddable":true,"href":"https:\/\/www.aerocycle.com\/fr\/wp-json\/wp\/v2\/categories?post=16814"},{"taxonomy":"post_tag","embeddable":true,"href":"https:\/\/www.aerocycle.com\/fr\/wp-json\/wp\/v2\/tags?post=16814"}],"curies":[{"name":"wp","href":"https:\/\/api.w.org\/{rel}","templated":true}]}}