{"id":17704,"date":"2019-08-07T21:25:03","date_gmt":"2019-08-07T19:25:03","guid":{"rendered":"https:\/\/dev2025.aerocycle.com\/?p=17704"},"modified":"2020-09-15T22:04:02","modified_gmt":"2020-09-15T20:04:02","slug":"aerocycle-dans-les-medias-juillet-2019","status":"publish","type":"post","link":"https:\/\/www.aerocycle.com\/fr\/2019\/08\/07\/aerocycle-dans-les-medias-juillet-2019\/","title":{"rendered":"Aerocycle dans les m\u00e9dias | Juillet\u00a02019"},"content":{"rendered":"<p>L\u2019annonce de l\u2019homologation d\u2019Aerocycle par l\u2019AFRA et l\u2019ASA a suscit\u00e9 une abondante couverture dans les m\u00e9dias en juillet.<\/p>\n<p>Rappelons qu\u2019Aerocycle est la premi\u00e8re entreprise de d\u00e9mant\u00e8lement d\u2019avions en fin de vie au Canada \u00e0 obtenir l\u2019homologation de ses op\u00e9rations de d\u00e9sassemblage et de d\u00e9molition par l\u2019Aircraft Fleet Recycling Association (AFRA) et l\u2019homologation de ses activit\u00e9s de gestion de pi\u00e8ces d\u2019avions par l\u2019Aviation Suppliers Association (ASA).<!--more--><\/p>\n<p>Voici un aper\u00e7u des blogues et m\u00e9dias qui ont couvert la nouvelle.<\/p>\n<ul>\n<li><a href=\"https:\/\/www.lapresse.ca\/affaires\/entreprises\/201907\/16\/01-5234040-aerocycle-une-solution-de-rechange-au-cimetiere.php\">https:\/\/www.lapresse.ca\/affaires\/entreprises\/201907\/16\/01-5234040-aerocycle-une-solution-de-rechange-au-cimetiere.php<\/a><\/li>\n<li><a href=\"https:\/\/www.journaldemontreal.com\/2019\/07\/19\/des-avions-en-fin-de-vie-recycles-au-quebec-1\">https:\/\/www.journaldemontreal.com\/2019\/07\/19\/des-avions-en-fin-de-vie-recycles-au-quebec-1<\/a><\/li>\n<li><a href=\"https:\/\/www.tvanouvelles.ca\/emissions\/le-tva-nouvelles\">https:\/\/www.tvanouvelles.ca\/emissions\/le-tva-nouvelles<\/a> (9:14)<\/li>\n<li><a href=\"https:\/\/www.tvanouvelles.ca\/2019\/07\/19\/des-avions-en-fin-de-vie-recycles-au-quebec\">https:\/\/www.tvanouvelles.ca\/2019\/07\/19\/des-avions-en-fin-de-vie-recycles-au-quebec<\/a><\/li>\n<li><a href=\"https:\/\/twitter.com\/i\/web\/status\/1151242906445000707\">https:\/\/twitter.com\/i\/web\/status\/1151242906445000707<\/a><\/li>\n<\/ul>\n<p>&nbsp;<\/p>\n<p>M\u00e9dias anglophones\u00a0:<\/p>\n<ul>\n<li><a href=\"https:\/\/centreforaviation.com\/news\/aerocycle-receives-afra-asa-accreditation-920249\">https:\/\/centreforaviation.com\/news\/aerocycle-receives-afra-asa-accreditation-920249<\/a><\/li>\n<li><a href=\"https:\/\/www.bloomberg.com\/press-releases\/2019-07-11\/aerocycle-becomes-first-canadian-end-of-life-aircraft-dismantler-to-earn-afra-and-asa-accreditations\">https:\/\/www.bloomberg.com\/press-releases\/2019-07-11\/aerocycle-becomes-first-canadian-end-of-life-aircraft-dismantler-to-earn-afra-and-asa-accreditations<\/a><\/li>\n<li><a href=\"https:\/\/www.wingsoverquebec.com\/?p=8683https:\/\/www.facebook.com\/permalink.php?id=404942579987696&amp;story_fbid=643882886093663\">https:\/\/www.wingsoverquebec.com\/?p=8683https:\/\/www.facebook.com\/permalink.php?id=404942579987696&amp;story_fbid=643882886093663<\/a><\/li>\n<li><a href=\"https:\/\/www.wingsmagazine.com\/aerocycle-achieves-canadian-first-as-aircraft-dismantler\/\">https:\/\/www.wingsmagazine.com\/aerocycle-achieves-canadian-first-as-aircraft-dismantler\/<\/a><\/li>\n<li><a href=\"https:\/\/www.mro-network.com\/maintenance-repair-overhaul\/aerocycle-accredited-environmentally-friendly-aircraft-recycling\">https:\/\/www.mro-network.com\/maintenance-repair-overhaul\/aerocycle-accredited-environmentally-friendly-aircraft-recycling<\/a><\/li>\n<li><a href=\"https:\/\/www.benzinga.com\/pressreleases\/19\/07\/n14059513\/aerocycle-becomes-first-canadian-end-of-life-aircraft-dismantler-to-earn-afra-and-asa-accreditatio\">https:\/\/www.benzinga.com\/pressreleases\/19\/07\/n14059513\/aerocycle-becomes-first-canadian-end-of-life-aircraft-dismantler-to-earn-afra-and-asa-accreditatio<\/a><\/li>\n<li><a href=\"https:\/\/www.hmgaerospace.com\/news\/regional-gateway\/aerocycles-mirabel-international-airport-operations-centre-certified-in-best-practices\/\">https:\/\/www.hmgaerospace.com\/news\/regional-gateway\/aerocycles-mirabel-international-airport-operations-centre-certified-in-best-practices\/<\/a><\/li>\n<\/ul>\n","protected":false},"excerpt":{"rendered":"<p>L\u2019annonce de l\u2019homologation d\u2019Aerocycle par l\u2019AFRA et l\u2019ASA a suscit\u00e9 une abondante couverture dans les m\u00e9dias en juillet. Rappelons qu\u2019Aerocycle est la premi\u00e8re entreprise de d\u00e9mant\u00e8lement d\u2019avions en fin de vie au Canada \u00e0 obtenir l\u2019homologation de ses op\u00e9rations de d\u00e9sassemblage et de d\u00e9molition par&#8230;<\/p>\n","protected":false},"author":2,"featured_media":17711,"comment_status":"closed","ping_status":"closed","sticky":false,"template":"","format":"standard","meta":{"footnotes":""},"categories":[133,132],"tags":[],"class_list":["post-17704","post","type-post","status-publish","format-standard","has-post-thumbnail","hentry","category-medias","category-nouvelles"],"yoast_head":"<!-- This site is optimized with the Yoast SEO plugin v26.6 - https:\/\/yoast.com\/wordpress\/plugins\/seo\/ -->\n<title>Aerocycle dans les m\u00e9dias | Juillet\u00a02019 - Aerocycle<\/title>\n<meta name=\"robots\" content=\"index, follow, max-snippet:-1, max-image-preview:large, max-video-preview:-1\" \/>\n<link rel=\"canonical\" href=\"https:\/\/www.aerocycle.com\/fr\/2019\/08\/07\/aerocycle-dans-les-medias-juillet-2019\/\" \/>\n<meta property=\"og:locale\" content=\"fr_FR\" \/>\n<meta property=\"og:type\" content=\"article\" \/>\n<meta property=\"og:title\" content=\"Aerocycle dans les m\u00e9dias | Juillet\u00a02019 - Aerocycle\" \/>\n<meta property=\"og:description\" content=\"L\u2019annonce de l\u2019homologation d\u2019Aerocycle par l\u2019AFRA et l\u2019ASA a suscit\u00e9 une abondante couverture dans les m\u00e9dias en juillet. Rappelons qu\u2019Aerocycle est la premi\u00e8re entreprise de d\u00e9mant\u00e8lement d\u2019avions en fin de vie au Canada \u00e0 obtenir l\u2019homologation de ses op\u00e9rations de d\u00e9sassemblage et de d\u00e9molition par...\" \/>\n<meta property=\"og:url\" content=\"https:\/\/www.aerocycle.com\/fr\/2019\/08\/07\/aerocycle-dans-les-medias-juillet-2019\/\" \/>\n<meta property=\"og:site_name\" content=\"Aerocycle\" \/>\n<meta property=\"article:published_time\" content=\"2019-08-07T19:25:03+00:00\" \/>\n<meta property=\"article:modified_time\" content=\"2020-09-15T20:04:02+00:00\" \/>\n<meta property=\"og:image\" content=\"https:\/\/www.aerocycle.com\/wp-content\/uploads\/2019\/08\/tva.jpg\" \/>\n\t<meta property=\"og:image:width\" content=\"749\" \/>\n\t<meta property=\"og:image:height\" content=\"530\" \/>\n\t<meta property=\"og:image:type\" content=\"image\/jpeg\" \/>\n<meta name=\"author\" content=\"Aerocycle\" \/>\n<meta name=\"twitter:card\" content=\"summary_large_image\" \/>\n<meta name=\"twitter:label1\" content=\"\u00c9crit par\" \/>\n\t<meta name=\"twitter:data1\" content=\"Aerocycle\" \/>\n\t<meta name=\"twitter:label2\" content=\"Dur\u00e9e de lecture estim\u00e9e\" \/>\n\t<meta name=\"twitter:data2\" content=\"1 minute\" \/>\n<script type=\"application\/ld+json\" class=\"yoast-schema-graph\">{\"@context\":\"https:\/\/schema.org\",\"@graph\":[{\"@type\":\"Article\",\"@id\":\"https:\/\/www.aerocycle.com\/fr\/2019\/08\/07\/aerocycle-dans-les-medias-juillet-2019\/#article\",\"isPartOf\":{\"@id\":\"https:\/\/www.aerocycle.com\/fr\/2019\/08\/07\/aerocycle-dans-les-medias-juillet-2019\/\"},\"author\":{\"name\":\"Aerocycle\",\"@id\":\"https:\/\/www.aerocycle.com\/fr\/#\/schema\/person\/22014b89d662428437aad9950b86e075\"},\"headline\":\"Aerocycle dans les m\u00e9dias | Juillet\u00a02019\",\"datePublished\":\"2019-08-07T19:25:03+00:00\",\"dateModified\":\"2020-09-15T20:04:02+00:00\",\"mainEntityOfPage\":{\"@id\":\"https:\/\/www.aerocycle.com\/fr\/2019\/08\/07\/aerocycle-dans-les-medias-juillet-2019\/\"},\"wordCount\":193,\"publisher\":{\"@id\":\"https:\/\/www.aerocycle.com\/fr\/#organization\"},\"image\":{\"@id\":\"https:\/\/www.aerocycle.com\/fr\/2019\/08\/07\/aerocycle-dans-les-medias-juillet-2019\/#primaryimage\"},\"thumbnailUrl\":\"https:\/\/www.aerocycle.com\/wp-content\/uploads\/2019\/08\/tva.jpg\",\"articleSection\":[\"M\u00e9dias\",\"Nouvelles\"],\"inLanguage\":\"fr-FR\"},{\"@type\":\"WebPage\",\"@id\":\"https:\/\/www.aerocycle.com\/fr\/2019\/08\/07\/aerocycle-dans-les-medias-juillet-2019\/\",\"url\":\"https:\/\/www.aerocycle.com\/fr\/2019\/08\/07\/aerocycle-dans-les-medias-juillet-2019\/\",\"name\":\"Aerocycle dans les m\u00e9dias | Juillet\u00a02019 - Aerocycle\",\"isPartOf\":{\"@id\":\"https:\/\/www.aerocycle.com\/fr\/#website\"},\"primaryImageOfPage\":{\"@id\":\"https:\/\/www.aerocycle.com\/fr\/2019\/08\/07\/aerocycle-dans-les-medias-juillet-2019\/#primaryimage\"},\"image\":{\"@id\":\"https:\/\/www.aerocycle.com\/fr\/2019\/08\/07\/aerocycle-dans-les-medias-juillet-2019\/#primaryimage\"},\"thumbnailUrl\":\"https:\/\/www.aerocycle.com\/wp-content\/uploads\/2019\/08\/tva.jpg\",\"datePublished\":\"2019-08-07T19:25:03+00:00\",\"dateModified\":\"2020-09-15T20:04:02+00:00\",\"breadcrumb\":{\"@id\":\"https:\/\/www.aerocycle.com\/fr\/2019\/08\/07\/aerocycle-dans-les-medias-juillet-2019\/#breadcrumb\"},\"inLanguage\":\"fr-FR\",\"potentialAction\":[{\"@type\":\"ReadAction\",\"target\":[\"https:\/\/www.aerocycle.com\/fr\/2019\/08\/07\/aerocycle-dans-les-medias-juillet-2019\/\"]}]},{\"@type\":\"ImageObject\",\"inLanguage\":\"fr-FR\",\"@id\":\"https:\/\/www.aerocycle.com\/fr\/2019\/08\/07\/aerocycle-dans-les-medias-juillet-2019\/#primaryimage\",\"url\":\"https:\/\/www.aerocycle.com\/wp-content\/uploads\/2019\/08\/tva.jpg\",\"contentUrl\":\"https:\/\/www.aerocycle.com\/wp-content\/uploads\/2019\/08\/tva.jpg\",\"width\":749,\"height\":530},{\"@type\":\"BreadcrumbList\",\"@id\":\"https:\/\/www.aerocycle.com\/fr\/2019\/08\/07\/aerocycle-dans-les-medias-juillet-2019\/#breadcrumb\",\"itemListElement\":[{\"@type\":\"ListItem\",\"position\":1,\"name\":\"Accueil\",\"item\":\"https:\/\/www.aerocycle.com\/fr\/\"},{\"@type\":\"ListItem\",\"position\":2,\"name\":\"Aerocycle dans les m\u00e9dias | Juillet\u00a02019\"}]},{\"@type\":\"WebSite\",\"@id\":\"https:\/\/www.aerocycle.com\/fr\/#website\",\"url\":\"https:\/\/www.aerocycle.com\/fr\/\",\"name\":\"Aerocycle\",\"description\":\"Un site utilisant WordPress\",\"publisher\":{\"@id\":\"https:\/\/www.aerocycle.com\/fr\/#organization\"},\"potentialAction\":[{\"@type\":\"SearchAction\",\"target\":{\"@type\":\"EntryPoint\",\"urlTemplate\":\"https:\/\/www.aerocycle.com\/fr\/?s={search_term_string}\"},\"query-input\":{\"@type\":\"PropertyValueSpecification\",\"valueRequired\":true,\"valueName\":\"search_term_string\"}}],\"inLanguage\":\"fr-FR\"},{\"@type\":\"Organization\",\"@id\":\"https:\/\/www.aerocycle.com\/fr\/#organization\",\"name\":\"Aerocycle\",\"url\":\"https:\/\/www.aerocycle.com\/fr\/\",\"logo\":{\"@type\":\"ImageObject\",\"inLanguage\":\"fr-FR\",\"@id\":\"https:\/\/www.aerocycle.com\/fr\/#\/schema\/logo\/image\/\",\"url\":\"https:\/\/www.aerocycle.com\/wp-content\/uploads\/2019\/06\/logo-Aerocycle-s.png\",\"contentUrl\":\"https:\/\/www.aerocycle.com\/wp-content\/uploads\/2019\/06\/logo-Aerocycle-s.png\",\"width\":103,\"height\":50,\"caption\":\"Aerocycle\"},\"image\":{\"@id\":\"https:\/\/www.aerocycle.com\/fr\/#\/schema\/logo\/image\/\"}},{\"@type\":\"Person\",\"@id\":\"https:\/\/www.aerocycle.com\/fr\/#\/schema\/person\/22014b89d662428437aad9950b86e075\",\"name\":\"Aerocycle\",\"image\":{\"@type\":\"ImageObject\",\"inLanguage\":\"fr-FR\",\"@id\":\"https:\/\/www.aerocycle.com\/fr\/#\/schema\/person\/image\/\",\"url\":\"https:\/\/secure.gravatar.com\/avatar\/e30eddd5cac43a69660ad0762ed3c8ecf8e169c0ccc3273c74b111e8892e83b3?s=96&d=mm&r=g\",\"contentUrl\":\"https:\/\/secure.gravatar.com\/avatar\/e30eddd5cac43a69660ad0762ed3c8ecf8e169c0ccc3273c74b111e8892e83b3?s=96&d=mm&r=g\",\"caption\":\"Aerocycle\"},\"url\":\"https:\/\/www.aerocycle.com\/fr\/author\/aerocycle\/\"}]}<\/script>\n<!-- \/ Yoast SEO plugin. -->","yoast_head_json":{"title":"Aerocycle dans les m\u00e9dias | Juillet\u00a02019 - Aerocycle","robots":{"index":"index","follow":"follow","max-snippet":"max-snippet:-1","max-image-preview":"max-image-preview:large","max-video-preview":"max-video-preview:-1"},"canonical":"https:\/\/www.aerocycle.com\/fr\/2019\/08\/07\/aerocycle-dans-les-medias-juillet-2019\/","og_locale":"fr_FR","og_type":"article","og_title":"Aerocycle dans les m\u00e9dias | Juillet\u00a02019 - Aerocycle","og_description":"L\u2019annonce de l\u2019homologation d\u2019Aerocycle par l\u2019AFRA et l\u2019ASA a suscit\u00e9 une abondante couverture dans les m\u00e9dias en juillet. Rappelons qu\u2019Aerocycle est la premi\u00e8re entreprise de d\u00e9mant\u00e8lement d\u2019avions en fin de vie au Canada \u00e0 obtenir l\u2019homologation de ses op\u00e9rations de d\u00e9sassemblage et de d\u00e9molition par...","og_url":"https:\/\/www.aerocycle.com\/fr\/2019\/08\/07\/aerocycle-dans-les-medias-juillet-2019\/","og_site_name":"Aerocycle","article_published_time":"2019-08-07T19:25:03+00:00","article_modified_time":"2020-09-15T20:04:02+00:00","og_image":[{"width":749,"height":530,"url":"https:\/\/www.aerocycle.com\/wp-content\/uploads\/2019\/08\/tva.jpg","type":"image\/jpeg"}],"author":"Aerocycle","twitter_card":"summary_large_image","twitter_misc":{"\u00c9crit par":"Aerocycle","Dur\u00e9e de lecture estim\u00e9e":"1 minute"},"schema":{"@context":"https:\/\/schema.org","@graph":[{"@type":"Article","@id":"https:\/\/www.aerocycle.com\/fr\/2019\/08\/07\/aerocycle-dans-les-medias-juillet-2019\/#article","isPartOf":{"@id":"https:\/\/www.aerocycle.com\/fr\/2019\/08\/07\/aerocycle-dans-les-medias-juillet-2019\/"},"author":{"name":"Aerocycle","@id":"https:\/\/www.aerocycle.com\/fr\/#\/schema\/person\/22014b89d662428437aad9950b86e075"},"headline":"Aerocycle dans les m\u00e9dias | Juillet\u00a02019","datePublished":"2019-08-07T19:25:03+00:00","dateModified":"2020-09-15T20:04:02+00:00","mainEntityOfPage":{"@id":"https:\/\/www.aerocycle.com\/fr\/2019\/08\/07\/aerocycle-dans-les-medias-juillet-2019\/"},"wordCount":193,"publisher":{"@id":"https:\/\/www.aerocycle.com\/fr\/#organization"},"image":{"@id":"https:\/\/www.aerocycle.com\/fr\/2019\/08\/07\/aerocycle-dans-les-medias-juillet-2019\/#primaryimage"},"thumbnailUrl":"https:\/\/www.aerocycle.com\/wp-content\/uploads\/2019\/08\/tva.jpg","articleSection":["M\u00e9dias","Nouvelles"],"inLanguage":"fr-FR"},{"@type":"WebPage","@id":"https:\/\/www.aerocycle.com\/fr\/2019\/08\/07\/aerocycle-dans-les-medias-juillet-2019\/","url":"https:\/\/www.aerocycle.com\/fr\/2019\/08\/07\/aerocycle-dans-les-medias-juillet-2019\/","name":"Aerocycle dans les m\u00e9dias | Juillet\u00a02019 - Aerocycle","isPartOf":{"@id":"https:\/\/www.aerocycle.com\/fr\/#website"},"primaryImageOfPage":{"@id":"https:\/\/www.aerocycle.com\/fr\/2019\/08\/07\/aerocycle-dans-les-medias-juillet-2019\/#primaryimage"},"image":{"@id":"https:\/\/www.aerocycle.com\/fr\/2019\/08\/07\/aerocycle-dans-les-medias-juillet-2019\/#primaryimage"},"thumbnailUrl":"https:\/\/www.aerocycle.com\/wp-content\/uploads\/2019\/08\/tva.jpg","datePublished":"2019-08-07T19:25:03+00:00","dateModified":"2020-09-15T20:04:02+00:00","breadcrumb":{"@id":"https:\/\/www.aerocycle.com\/fr\/2019\/08\/07\/aerocycle-dans-les-medias-juillet-2019\/#breadcrumb"},"inLanguage":"fr-FR","potentialAction":[{"@type":"ReadAction","target":["https:\/\/www.aerocycle.com\/fr\/2019\/08\/07\/aerocycle-dans-les-medias-juillet-2019\/"]}]},{"@type":"ImageObject","inLanguage":"fr-FR","@id":"https:\/\/www.aerocycle.com\/fr\/2019\/08\/07\/aerocycle-dans-les-medias-juillet-2019\/#primaryimage","url":"https:\/\/www.aerocycle.com\/wp-content\/uploads\/2019\/08\/tva.jpg","contentUrl":"https:\/\/www.aerocycle.com\/wp-content\/uploads\/2019\/08\/tva.jpg","width":749,"height":530},{"@type":"BreadcrumbList","@id":"https:\/\/www.aerocycle.com\/fr\/2019\/08\/07\/aerocycle-dans-les-medias-juillet-2019\/#breadcrumb","itemListElement":[{"@type":"ListItem","position":1,"name":"Accueil","item":"https:\/\/www.aerocycle.com\/fr\/"},{"@type":"ListItem","position":2,"name":"Aerocycle dans les m\u00e9dias | Juillet\u00a02019"}]},{"@type":"WebSite","@id":"https:\/\/www.aerocycle.com\/fr\/#website","url":"https:\/\/www.aerocycle.com\/fr\/","name":"Aerocycle","description":"Un site utilisant WordPress","publisher":{"@id":"https:\/\/www.aerocycle.com\/fr\/#organization"},"potentialAction":[{"@type":"SearchAction","target":{"@type":"EntryPoint","urlTemplate":"https:\/\/www.aerocycle.com\/fr\/?s={search_term_string}"},"query-input":{"@type":"PropertyValueSpecification","valueRequired":true,"valueName":"search_term_string"}}],"inLanguage":"fr-FR"},{"@type":"Organization","@id":"https:\/\/www.aerocycle.com\/fr\/#organization","name":"Aerocycle","url":"https:\/\/www.aerocycle.com\/fr\/","logo":{"@type":"ImageObject","inLanguage":"fr-FR","@id":"https:\/\/www.aerocycle.com\/fr\/#\/schema\/logo\/image\/","url":"https:\/\/www.aerocycle.com\/wp-content\/uploads\/2019\/06\/logo-Aerocycle-s.png","contentUrl":"https:\/\/www.aerocycle.com\/wp-content\/uploads\/2019\/06\/logo-Aerocycle-s.png","width":103,"height":50,"caption":"Aerocycle"},"image":{"@id":"https:\/\/www.aerocycle.com\/fr\/#\/schema\/logo\/image\/"}},{"@type":"Person","@id":"https:\/\/www.aerocycle.com\/fr\/#\/schema\/person\/22014b89d662428437aad9950b86e075","name":"Aerocycle","image":{"@type":"ImageObject","inLanguage":"fr-FR","@id":"https:\/\/www.aerocycle.com\/fr\/#\/schema\/person\/image\/","url":"https:\/\/secure.gravatar.com\/avatar\/e30eddd5cac43a69660ad0762ed3c8ecf8e169c0ccc3273c74b111e8892e83b3?s=96&d=mm&r=g","contentUrl":"https:\/\/secure.gravatar.com\/avatar\/e30eddd5cac43a69660ad0762ed3c8ecf8e169c0ccc3273c74b111e8892e83b3?s=96&d=mm&r=g","caption":"Aerocycle"},"url":"https:\/\/www.aerocycle.com\/fr\/author\/aerocycle\/"}]}},"_links":{"self":[{"href":"https:\/\/www.aerocycle.com\/fr\/wp-json\/wp\/v2\/posts\/17704","targetHints":{"allow":["GET"]}}],"collection":[{"href":"https:\/\/www.aerocycle.com\/fr\/wp-json\/wp\/v2\/posts"}],"about":[{"href":"https:\/\/www.aerocycle.com\/fr\/wp-json\/wp\/v2\/types\/post"}],"author":[{"embeddable":true,"href":"https:\/\/www.aerocycle.com\/fr\/wp-json\/wp\/v2\/users\/2"}],"replies":[{"embeddable":true,"href":"https:\/\/www.aerocycle.com\/fr\/wp-json\/wp\/v2\/comments?post=17704"}],"version-history":[{"count":1,"href":"https:\/\/www.aerocycle.com\/fr\/wp-json\/wp\/v2\/posts\/17704\/revisions"}],"predecessor-version":[{"id":18121,"href":"https:\/\/www.aerocycle.com\/fr\/wp-json\/wp\/v2\/posts\/17704\/revisions\/18121"}],"wp:featuredmedia":[{"embeddable":true,"href":"https:\/\/www.aerocycle.com\/fr\/wp-json\/wp\/v2\/media\/17711"}],"wp:attachment":[{"href":"https:\/\/www.aerocycle.com\/fr\/wp-json\/wp\/v2\/media?parent=17704"}],"wp:term":[{"taxonomy":"category","embeddable":true,"href":"https:\/\/www.aerocycle.com\/fr\/wp-json\/wp\/v2\/categories?post=17704"},{"taxonomy":"post_tag","embeddable":true,"href":"https:\/\/www.aerocycle.com\/fr\/wp-json\/wp\/v2\/tags?post=17704"}],"curies":[{"name":"wp","href":"https:\/\/api.w.org\/{rel}","templated":true}]}}