{"id":17763,"date":"2019-09-17T01:32:16","date_gmt":"2019-09-16T23:32:16","guid":{"rendered":"https:\/\/dev2025.aerocycle.com\/2019\/09\/17\/personnalite-de-la-semaine-ron-haber\/"},"modified":"2020-09-15T22:02:07","modified_gmt":"2020-09-15T20:02:07","slug":"personnalite-de-la-semaine-ron-haber","status":"publish","type":"post","link":"https:\/\/www.aerocycle.com\/fr\/2019\/09\/17\/personnalite-de-la-semaine-ron-haber\/","title":{"rendered":"Personnalit\u00e9 de la semaine : Ron Haber"},"content":{"rendered":"<p>Le quotidien montr\u00e9alais La Presse fait paraitre un profil du pr\u00e9sident d&rsquo;Aerocycle dans son \u00e9dition du 16 septembre 2019.<!--more--><\/p>\n<p><a href=\"https:\/\/www.lapresse.ca\/actualites\/201909\/15\/01-5241381-personnalite-de-la-semaine-ron-haber.php\" target=\"_blank\" rel=\"noopener noreferrer\">Cliquez ici<\/a> pour lire l&rsquo;article.<\/p>\n","protected":false},"excerpt":{"rendered":"<p>Le quotidien montr\u00e9alais La Presse fait paraitre un profil du pr\u00e9sident d&rsquo;Aerocycle dans son \u00e9dition du 16 septembre 2019. <\/p>\n","protected":false},"author":2,"featured_media":17745,"comment_status":"closed","ping_status":"closed","sticky":false,"template":"","format":"standard","meta":{"footnotes":""},"categories":[133,132],"tags":[],"class_list":["post-17763","post","type-post","status-publish","format-standard","has-post-thumbnail","hentry","category-medias","category-nouvelles"],"yoast_head":"<!-- This site is optimized with the Yoast SEO plugin v26.6 - https:\/\/yoast.com\/wordpress\/plugins\/seo\/ -->\n<title>Personnalit\u00e9 de la semaine : Ron Haber - Aerocycle<\/title>\n<meta name=\"robots\" content=\"index, follow, max-snippet:-1, max-image-preview:large, max-video-preview:-1\" \/>\n<link rel=\"canonical\" href=\"https:\/\/www.aerocycle.com\/fr\/2019\/09\/17\/personnalite-de-la-semaine-ron-haber\/\" \/>\n<meta property=\"og:locale\" content=\"fr_FR\" \/>\n<meta property=\"og:type\" content=\"article\" \/>\n<meta property=\"og:title\" content=\"Personnalit\u00e9 de la semaine : Ron Haber - Aerocycle\" \/>\n<meta property=\"og:description\" content=\"Le quotidien montr\u00e9alais La Presse fait paraitre un profil du pr\u00e9sident d&#039;Aerocycle dans son \u00e9dition du 16 septembre 2019.\" \/>\n<meta property=\"og:url\" content=\"https:\/\/www.aerocycle.com\/fr\/2019\/09\/17\/personnalite-de-la-semaine-ron-haber\/\" \/>\n<meta property=\"og:site_name\" content=\"Aerocycle\" \/>\n<meta property=\"article:published_time\" content=\"2019-09-16T23:32:16+00:00\" \/>\n<meta property=\"article:modified_time\" content=\"2020-09-15T20:02:07+00:00\" \/>\n<meta property=\"og:image\" content=\"https:\/\/www.aerocycle.com\/wp-content\/uploads\/2019\/08\/0828-city-aerocycle-7707.jpg\" \/>\n\t<meta property=\"og:image:width\" content=\"630\" \/>\n\t<meta property=\"og:image:height\" content=\"420\" \/>\n\t<meta property=\"og:image:type\" content=\"image\/jpeg\" \/>\n<meta name=\"author\" content=\"Aerocycle\" \/>\n<meta name=\"twitter:card\" content=\"summary_large_image\" \/>\n<meta name=\"twitter:label1\" content=\"\u00c9crit par\" \/>\n\t<meta name=\"twitter:data1\" content=\"Aerocycle\" \/>\n<script type=\"application\/ld+json\" class=\"yoast-schema-graph\">{\"@context\":\"https:\/\/schema.org\",\"@graph\":[{\"@type\":\"Article\",\"@id\":\"https:\/\/www.aerocycle.com\/fr\/2019\/09\/17\/personnalite-de-la-semaine-ron-haber\/#article\",\"isPartOf\":{\"@id\":\"https:\/\/www.aerocycle.com\/fr\/2019\/09\/17\/personnalite-de-la-semaine-ron-haber\/\"},\"author\":{\"name\":\"Aerocycle\",\"@id\":\"https:\/\/www.aerocycle.com\/fr\/#\/schema\/person\/22014b89d662428437aad9950b86e075\"},\"headline\":\"Personnalit\u00e9 de la semaine : Ron Haber\",\"datePublished\":\"2019-09-16T23:32:16+00:00\",\"dateModified\":\"2020-09-15T20:02:07+00:00\",\"mainEntityOfPage\":{\"@id\":\"https:\/\/www.aerocycle.com\/fr\/2019\/09\/17\/personnalite-de-la-semaine-ron-haber\/\"},\"wordCount\":32,\"publisher\":{\"@id\":\"https:\/\/www.aerocycle.com\/fr\/#organization\"},\"image\":{\"@id\":\"https:\/\/www.aerocycle.com\/fr\/2019\/09\/17\/personnalite-de-la-semaine-ron-haber\/#primaryimage\"},\"thumbnailUrl\":\"https:\/\/www.aerocycle.com\/wp-content\/uploads\/2019\/08\/0828-city-aerocycle-7707.jpg\",\"articleSection\":[\"M\u00e9dias\",\"Nouvelles\"],\"inLanguage\":\"fr-FR\"},{\"@type\":\"WebPage\",\"@id\":\"https:\/\/www.aerocycle.com\/fr\/2019\/09\/17\/personnalite-de-la-semaine-ron-haber\/\",\"url\":\"https:\/\/www.aerocycle.com\/fr\/2019\/09\/17\/personnalite-de-la-semaine-ron-haber\/\",\"name\":\"Personnalit\u00e9 de la semaine : Ron Haber - Aerocycle\",\"isPartOf\":{\"@id\":\"https:\/\/www.aerocycle.com\/fr\/#website\"},\"primaryImageOfPage\":{\"@id\":\"https:\/\/www.aerocycle.com\/fr\/2019\/09\/17\/personnalite-de-la-semaine-ron-haber\/#primaryimage\"},\"image\":{\"@id\":\"https:\/\/www.aerocycle.com\/fr\/2019\/09\/17\/personnalite-de-la-semaine-ron-haber\/#primaryimage\"},\"thumbnailUrl\":\"https:\/\/www.aerocycle.com\/wp-content\/uploads\/2019\/08\/0828-city-aerocycle-7707.jpg\",\"datePublished\":\"2019-09-16T23:32:16+00:00\",\"dateModified\":\"2020-09-15T20:02:07+00:00\",\"breadcrumb\":{\"@id\":\"https:\/\/www.aerocycle.com\/fr\/2019\/09\/17\/personnalite-de-la-semaine-ron-haber\/#breadcrumb\"},\"inLanguage\":\"fr-FR\",\"potentialAction\":[{\"@type\":\"ReadAction\",\"target\":[\"https:\/\/www.aerocycle.com\/fr\/2019\/09\/17\/personnalite-de-la-semaine-ron-haber\/\"]}]},{\"@type\":\"ImageObject\",\"inLanguage\":\"fr-FR\",\"@id\":\"https:\/\/www.aerocycle.com\/fr\/2019\/09\/17\/personnalite-de-la-semaine-ron-haber\/#primaryimage\",\"url\":\"https:\/\/www.aerocycle.com\/wp-content\/uploads\/2019\/08\/0828-city-aerocycle-7707.jpg\",\"contentUrl\":\"https:\/\/www.aerocycle.com\/wp-content\/uploads\/2019\/08\/0828-city-aerocycle-7707.jpg\",\"width\":630,\"height\":420},{\"@type\":\"BreadcrumbList\",\"@id\":\"https:\/\/www.aerocycle.com\/fr\/2019\/09\/17\/personnalite-de-la-semaine-ron-haber\/#breadcrumb\",\"itemListElement\":[{\"@type\":\"ListItem\",\"position\":1,\"name\":\"Accueil\",\"item\":\"https:\/\/www.aerocycle.com\/fr\/\"},{\"@type\":\"ListItem\",\"position\":2,\"name\":\"Personnalit\u00e9 de la semaine : Ron Haber\"}]},{\"@type\":\"WebSite\",\"@id\":\"https:\/\/www.aerocycle.com\/fr\/#website\",\"url\":\"https:\/\/www.aerocycle.com\/fr\/\",\"name\":\"Aerocycle\",\"description\":\"Un site utilisant WordPress\",\"publisher\":{\"@id\":\"https:\/\/www.aerocycle.com\/fr\/#organization\"},\"potentialAction\":[{\"@type\":\"SearchAction\",\"target\":{\"@type\":\"EntryPoint\",\"urlTemplate\":\"https:\/\/www.aerocycle.com\/fr\/?s={search_term_string}\"},\"query-input\":{\"@type\":\"PropertyValueSpecification\",\"valueRequired\":true,\"valueName\":\"search_term_string\"}}],\"inLanguage\":\"fr-FR\"},{\"@type\":\"Organization\",\"@id\":\"https:\/\/www.aerocycle.com\/fr\/#organization\",\"name\":\"Aerocycle\",\"url\":\"https:\/\/www.aerocycle.com\/fr\/\",\"logo\":{\"@type\":\"ImageObject\",\"inLanguage\":\"fr-FR\",\"@id\":\"https:\/\/www.aerocycle.com\/fr\/#\/schema\/logo\/image\/\",\"url\":\"https:\/\/www.aerocycle.com\/wp-content\/uploads\/2019\/06\/logo-Aerocycle-s.png\",\"contentUrl\":\"https:\/\/www.aerocycle.com\/wp-content\/uploads\/2019\/06\/logo-Aerocycle-s.png\",\"width\":103,\"height\":50,\"caption\":\"Aerocycle\"},\"image\":{\"@id\":\"https:\/\/www.aerocycle.com\/fr\/#\/schema\/logo\/image\/\"}},{\"@type\":\"Person\",\"@id\":\"https:\/\/www.aerocycle.com\/fr\/#\/schema\/person\/22014b89d662428437aad9950b86e075\",\"name\":\"Aerocycle\",\"image\":{\"@type\":\"ImageObject\",\"inLanguage\":\"fr-FR\",\"@id\":\"https:\/\/www.aerocycle.com\/fr\/#\/schema\/person\/image\/\",\"url\":\"https:\/\/secure.gravatar.com\/avatar\/e30eddd5cac43a69660ad0762ed3c8ecf8e169c0ccc3273c74b111e8892e83b3?s=96&d=mm&r=g\",\"contentUrl\":\"https:\/\/secure.gravatar.com\/avatar\/e30eddd5cac43a69660ad0762ed3c8ecf8e169c0ccc3273c74b111e8892e83b3?s=96&d=mm&r=g\",\"caption\":\"Aerocycle\"},\"url\":\"https:\/\/www.aerocycle.com\/fr\/author\/aerocycle\/\"}]}<\/script>\n<!-- \/ Yoast SEO plugin. -->","yoast_head_json":{"title":"Personnalit\u00e9 de la semaine : Ron Haber - Aerocycle","robots":{"index":"index","follow":"follow","max-snippet":"max-snippet:-1","max-image-preview":"max-image-preview:large","max-video-preview":"max-video-preview:-1"},"canonical":"https:\/\/www.aerocycle.com\/fr\/2019\/09\/17\/personnalite-de-la-semaine-ron-haber\/","og_locale":"fr_FR","og_type":"article","og_title":"Personnalit\u00e9 de la semaine : Ron Haber - Aerocycle","og_description":"Le quotidien montr\u00e9alais La Presse fait paraitre un profil du pr\u00e9sident d'Aerocycle dans son \u00e9dition du 16 septembre 2019.","og_url":"https:\/\/www.aerocycle.com\/fr\/2019\/09\/17\/personnalite-de-la-semaine-ron-haber\/","og_site_name":"Aerocycle","article_published_time":"2019-09-16T23:32:16+00:00","article_modified_time":"2020-09-15T20:02:07+00:00","og_image":[{"width":630,"height":420,"url":"https:\/\/www.aerocycle.com\/wp-content\/uploads\/2019\/08\/0828-city-aerocycle-7707.jpg","type":"image\/jpeg"}],"author":"Aerocycle","twitter_card":"summary_large_image","twitter_misc":{"\u00c9crit par":"Aerocycle"},"schema":{"@context":"https:\/\/schema.org","@graph":[{"@type":"Article","@id":"https:\/\/www.aerocycle.com\/fr\/2019\/09\/17\/personnalite-de-la-semaine-ron-haber\/#article","isPartOf":{"@id":"https:\/\/www.aerocycle.com\/fr\/2019\/09\/17\/personnalite-de-la-semaine-ron-haber\/"},"author":{"name":"Aerocycle","@id":"https:\/\/www.aerocycle.com\/fr\/#\/schema\/person\/22014b89d662428437aad9950b86e075"},"headline":"Personnalit\u00e9 de la semaine : Ron Haber","datePublished":"2019-09-16T23:32:16+00:00","dateModified":"2020-09-15T20:02:07+00:00","mainEntityOfPage":{"@id":"https:\/\/www.aerocycle.com\/fr\/2019\/09\/17\/personnalite-de-la-semaine-ron-haber\/"},"wordCount":32,"publisher":{"@id":"https:\/\/www.aerocycle.com\/fr\/#organization"},"image":{"@id":"https:\/\/www.aerocycle.com\/fr\/2019\/09\/17\/personnalite-de-la-semaine-ron-haber\/#primaryimage"},"thumbnailUrl":"https:\/\/www.aerocycle.com\/wp-content\/uploads\/2019\/08\/0828-city-aerocycle-7707.jpg","articleSection":["M\u00e9dias","Nouvelles"],"inLanguage":"fr-FR"},{"@type":"WebPage","@id":"https:\/\/www.aerocycle.com\/fr\/2019\/09\/17\/personnalite-de-la-semaine-ron-haber\/","url":"https:\/\/www.aerocycle.com\/fr\/2019\/09\/17\/personnalite-de-la-semaine-ron-haber\/","name":"Personnalit\u00e9 de la semaine : Ron Haber - Aerocycle","isPartOf":{"@id":"https:\/\/www.aerocycle.com\/fr\/#website"},"primaryImageOfPage":{"@id":"https:\/\/www.aerocycle.com\/fr\/2019\/09\/17\/personnalite-de-la-semaine-ron-haber\/#primaryimage"},"image":{"@id":"https:\/\/www.aerocycle.com\/fr\/2019\/09\/17\/personnalite-de-la-semaine-ron-haber\/#primaryimage"},"thumbnailUrl":"https:\/\/www.aerocycle.com\/wp-content\/uploads\/2019\/08\/0828-city-aerocycle-7707.jpg","datePublished":"2019-09-16T23:32:16+00:00","dateModified":"2020-09-15T20:02:07+00:00","breadcrumb":{"@id":"https:\/\/www.aerocycle.com\/fr\/2019\/09\/17\/personnalite-de-la-semaine-ron-haber\/#breadcrumb"},"inLanguage":"fr-FR","potentialAction":[{"@type":"ReadAction","target":["https:\/\/www.aerocycle.com\/fr\/2019\/09\/17\/personnalite-de-la-semaine-ron-haber\/"]}]},{"@type":"ImageObject","inLanguage":"fr-FR","@id":"https:\/\/www.aerocycle.com\/fr\/2019\/09\/17\/personnalite-de-la-semaine-ron-haber\/#primaryimage","url":"https:\/\/www.aerocycle.com\/wp-content\/uploads\/2019\/08\/0828-city-aerocycle-7707.jpg","contentUrl":"https:\/\/www.aerocycle.com\/wp-content\/uploads\/2019\/08\/0828-city-aerocycle-7707.jpg","width":630,"height":420},{"@type":"BreadcrumbList","@id":"https:\/\/www.aerocycle.com\/fr\/2019\/09\/17\/personnalite-de-la-semaine-ron-haber\/#breadcrumb","itemListElement":[{"@type":"ListItem","position":1,"name":"Accueil","item":"https:\/\/www.aerocycle.com\/fr\/"},{"@type":"ListItem","position":2,"name":"Personnalit\u00e9 de la semaine : Ron Haber"}]},{"@type":"WebSite","@id":"https:\/\/www.aerocycle.com\/fr\/#website","url":"https:\/\/www.aerocycle.com\/fr\/","name":"Aerocycle","description":"Un site utilisant WordPress","publisher":{"@id":"https:\/\/www.aerocycle.com\/fr\/#organization"},"potentialAction":[{"@type":"SearchAction","target":{"@type":"EntryPoint","urlTemplate":"https:\/\/www.aerocycle.com\/fr\/?s={search_term_string}"},"query-input":{"@type":"PropertyValueSpecification","valueRequired":true,"valueName":"search_term_string"}}],"inLanguage":"fr-FR"},{"@type":"Organization","@id":"https:\/\/www.aerocycle.com\/fr\/#organization","name":"Aerocycle","url":"https:\/\/www.aerocycle.com\/fr\/","logo":{"@type":"ImageObject","inLanguage":"fr-FR","@id":"https:\/\/www.aerocycle.com\/fr\/#\/schema\/logo\/image\/","url":"https:\/\/www.aerocycle.com\/wp-content\/uploads\/2019\/06\/logo-Aerocycle-s.png","contentUrl":"https:\/\/www.aerocycle.com\/wp-content\/uploads\/2019\/06\/logo-Aerocycle-s.png","width":103,"height":50,"caption":"Aerocycle"},"image":{"@id":"https:\/\/www.aerocycle.com\/fr\/#\/schema\/logo\/image\/"}},{"@type":"Person","@id":"https:\/\/www.aerocycle.com\/fr\/#\/schema\/person\/22014b89d662428437aad9950b86e075","name":"Aerocycle","image":{"@type":"ImageObject","inLanguage":"fr-FR","@id":"https:\/\/www.aerocycle.com\/fr\/#\/schema\/person\/image\/","url":"https:\/\/secure.gravatar.com\/avatar\/e30eddd5cac43a69660ad0762ed3c8ecf8e169c0ccc3273c74b111e8892e83b3?s=96&d=mm&r=g","contentUrl":"https:\/\/secure.gravatar.com\/avatar\/e30eddd5cac43a69660ad0762ed3c8ecf8e169c0ccc3273c74b111e8892e83b3?s=96&d=mm&r=g","caption":"Aerocycle"},"url":"https:\/\/www.aerocycle.com\/fr\/author\/aerocycle\/"}]}},"_links":{"self":[{"href":"https:\/\/www.aerocycle.com\/fr\/wp-json\/wp\/v2\/posts\/17763","targetHints":{"allow":["GET"]}}],"collection":[{"href":"https:\/\/www.aerocycle.com\/fr\/wp-json\/wp\/v2\/posts"}],"about":[{"href":"https:\/\/www.aerocycle.com\/fr\/wp-json\/wp\/v2\/types\/post"}],"author":[{"embeddable":true,"href":"https:\/\/www.aerocycle.com\/fr\/wp-json\/wp\/v2\/users\/2"}],"replies":[{"embeddable":true,"href":"https:\/\/www.aerocycle.com\/fr\/wp-json\/wp\/v2\/comments?post=17763"}],"version-history":[{"count":1,"href":"https:\/\/www.aerocycle.com\/fr\/wp-json\/wp\/v2\/posts\/17763\/revisions"}],"predecessor-version":[{"id":18117,"href":"https:\/\/www.aerocycle.com\/fr\/wp-json\/wp\/v2\/posts\/17763\/revisions\/18117"}],"wp:featuredmedia":[{"embeddable":true,"href":"https:\/\/www.aerocycle.com\/fr\/wp-json\/wp\/v2\/media\/17745"}],"wp:attachment":[{"href":"https:\/\/www.aerocycle.com\/fr\/wp-json\/wp\/v2\/media?parent=17763"}],"wp:term":[{"taxonomy":"category","embeddable":true,"href":"https:\/\/www.aerocycle.com\/fr\/wp-json\/wp\/v2\/categories?post=17763"},{"taxonomy":"post_tag","embeddable":true,"href":"https:\/\/www.aerocycle.com\/fr\/wp-json\/wp\/v2\/tags?post=17763"}],"curies":[{"name":"wp","href":"https:\/\/api.w.org\/{rel}","templated":true}]}}