{"id":18010,"date":"2020-07-10T16:10:37","date_gmt":"2020-07-10T14:10:37","guid":{"rendered":"https:\/\/dev2025.aerocycle.com\/?p=18010"},"modified":"2020-09-15T22:01:25","modified_gmt":"2020-09-15T20:01:25","slug":"de-vieux-avions-recycles-au-nord-de-montreal","status":"publish","type":"post","link":"https:\/\/www.aerocycle.com\/fr\/2020\/07\/10\/de-vieux-avions-recycles-au-nord-de-montreal\/","title":{"rendered":"De vieux avions recycl\u00e9s au nord de Montr\u00e9al"},"content":{"rendered":"<p>La crise dans le monde de l\u2019aviation pousse les entreprises \u00e0 se d\u00e9partir plus rapidement de leurs vieux appareils, trop co\u00fbteux \u00e0 exploiter. Question d\u2019\u00e9conomie, mais aussi question d\u2019\u00e9cologie. Les cimeti\u00e8res d\u2019avions laissent place, tranquillement, \u00e0 d\u2019immenses usines de recyclage. Il n\u2019y en a qu\u2019un seul au Canada et il se trouve au nord de Montr\u00e9al, \u00e0 Mirabel.<!--more--><\/p>\n<p><a href=\"https:\/\/ici.radio-canada.ca\/info\/videos\/media-8290935\/vieux-avions-recycles-au-nord-montreal\" target=\"_blank\" rel=\"noopener noreferrer\">Visionnez le reportage de Radio-Canada.<\/a><\/p>\n<p style=\"text-align: left;\">\n","protected":false},"excerpt":{"rendered":"<p>La crise dans le monde de l\u2019aviation pousse les entreprises \u00e0 se d\u00e9partir plus rapidement de leurs vieux appareils, trop co\u00fbteux \u00e0 exploiter. Question d\u2019\u00e9conomie, mais aussi question d\u2019\u00e9cologie. Les cimeti\u00e8res d\u2019avions laissent place, tranquillement, \u00e0 d\u2019immenses usines de recyclage. Il n\u2019y en a qu\u2019un&#8230;<\/p>\n","protected":false},"author":2,"featured_media":18024,"comment_status":"closed","ping_status":"closed","sticky":false,"template":"","format":"standard","meta":{"footnotes":""},"categories":[133],"tags":[],"class_list":["post-18010","post","type-post","status-publish","format-standard","has-post-thumbnail","hentry","category-medias"],"yoast_head":"<!-- This site is optimized with the Yoast SEO plugin v26.6 - https:\/\/yoast.com\/wordpress\/plugins\/seo\/ -->\n<title>De vieux avions recycl\u00e9s au nord de Montr\u00e9al - Aerocycle<\/title>\n<meta name=\"robots\" content=\"index, follow, max-snippet:-1, max-image-preview:large, max-video-preview:-1\" \/>\n<link rel=\"canonical\" href=\"https:\/\/www.aerocycle.com\/fr\/2020\/07\/10\/de-vieux-avions-recycles-au-nord-de-montreal\/\" \/>\n<meta property=\"og:locale\" content=\"fr_FR\" \/>\n<meta property=\"og:type\" content=\"article\" \/>\n<meta property=\"og:title\" content=\"De vieux avions recycl\u00e9s au nord de Montr\u00e9al - Aerocycle\" \/>\n<meta property=\"og:description\" content=\"La crise dans le monde de l\u2019aviation pousse les entreprises \u00e0 se d\u00e9partir plus rapidement de leurs vieux appareils, trop co\u00fbteux \u00e0 exploiter. Question d\u2019\u00e9conomie, mais aussi question d\u2019\u00e9cologie. Les cimeti\u00e8res d\u2019avions laissent place, tranquillement, \u00e0 d\u2019immenses usines de recyclage. Il n\u2019y en a qu\u2019un...\" \/>\n<meta property=\"og:url\" content=\"https:\/\/www.aerocycle.com\/fr\/2020\/07\/10\/de-vieux-avions-recycles-au-nord-de-montreal\/\" \/>\n<meta property=\"og:site_name\" content=\"Aerocycle\" \/>\n<meta property=\"article:published_time\" content=\"2020-07-10T14:10:37+00:00\" \/>\n<meta property=\"article:modified_time\" content=\"2020-09-15T20:01:25+00:00\" \/>\n<meta property=\"og:image\" content=\"https:\/\/www.aerocycle.com\/wp-content\/uploads\/2020\/07\/2020-0709-1994_01.jpeg\" \/>\n\t<meta property=\"og:image:width\" content=\"640\" \/>\n\t<meta property=\"og:image:height\" content=\"360\" \/>\n\t<meta property=\"og:image:type\" content=\"image\/jpeg\" \/>\n<meta name=\"author\" content=\"Aerocycle\" \/>\n<meta name=\"twitter:card\" content=\"summary_large_image\" \/>\n<meta name=\"twitter:label1\" content=\"\u00c9crit par\" \/>\n\t<meta name=\"twitter:data1\" content=\"Aerocycle\" \/>\n<script type=\"application\/ld+json\" class=\"yoast-schema-graph\">{\"@context\":\"https:\/\/schema.org\",\"@graph\":[{\"@type\":\"Article\",\"@id\":\"https:\/\/www.aerocycle.com\/fr\/2020\/07\/10\/de-vieux-avions-recycles-au-nord-de-montreal\/#article\",\"isPartOf\":{\"@id\":\"https:\/\/www.aerocycle.com\/fr\/2020\/07\/10\/de-vieux-avions-recycles-au-nord-de-montreal\/\"},\"author\":{\"name\":\"Aerocycle\",\"@id\":\"https:\/\/www.aerocycle.com\/fr\/#\/schema\/person\/22014b89d662428437aad9950b86e075\"},\"headline\":\"De vieux avions recycl\u00e9s au nord de Montr\u00e9al\",\"datePublished\":\"2020-07-10T14:10:37+00:00\",\"dateModified\":\"2020-09-15T20:01:25+00:00\",\"mainEntityOfPage\":{\"@id\":\"https:\/\/www.aerocycle.com\/fr\/2020\/07\/10\/de-vieux-avions-recycles-au-nord-de-montreal\/\"},\"wordCount\":80,\"publisher\":{\"@id\":\"https:\/\/www.aerocycle.com\/fr\/#organization\"},\"image\":{\"@id\":\"https:\/\/www.aerocycle.com\/fr\/2020\/07\/10\/de-vieux-avions-recycles-au-nord-de-montreal\/#primaryimage\"},\"thumbnailUrl\":\"https:\/\/www.aerocycle.com\/wp-content\/uploads\/2020\/07\/2020-0709-1994_01.jpeg\",\"articleSection\":[\"M\u00e9dias\"],\"inLanguage\":\"fr-FR\"},{\"@type\":\"WebPage\",\"@id\":\"https:\/\/www.aerocycle.com\/fr\/2020\/07\/10\/de-vieux-avions-recycles-au-nord-de-montreal\/\",\"url\":\"https:\/\/www.aerocycle.com\/fr\/2020\/07\/10\/de-vieux-avions-recycles-au-nord-de-montreal\/\",\"name\":\"De vieux avions recycl\u00e9s au nord de Montr\u00e9al - Aerocycle\",\"isPartOf\":{\"@id\":\"https:\/\/www.aerocycle.com\/fr\/#website\"},\"primaryImageOfPage\":{\"@id\":\"https:\/\/www.aerocycle.com\/fr\/2020\/07\/10\/de-vieux-avions-recycles-au-nord-de-montreal\/#primaryimage\"},\"image\":{\"@id\":\"https:\/\/www.aerocycle.com\/fr\/2020\/07\/10\/de-vieux-avions-recycles-au-nord-de-montreal\/#primaryimage\"},\"thumbnailUrl\":\"https:\/\/www.aerocycle.com\/wp-content\/uploads\/2020\/07\/2020-0709-1994_01.jpeg\",\"datePublished\":\"2020-07-10T14:10:37+00:00\",\"dateModified\":\"2020-09-15T20:01:25+00:00\",\"breadcrumb\":{\"@id\":\"https:\/\/www.aerocycle.com\/fr\/2020\/07\/10\/de-vieux-avions-recycles-au-nord-de-montreal\/#breadcrumb\"},\"inLanguage\":\"fr-FR\",\"potentialAction\":[{\"@type\":\"ReadAction\",\"target\":[\"https:\/\/www.aerocycle.com\/fr\/2020\/07\/10\/de-vieux-avions-recycles-au-nord-de-montreal\/\"]}]},{\"@type\":\"ImageObject\",\"inLanguage\":\"fr-FR\",\"@id\":\"https:\/\/www.aerocycle.com\/fr\/2020\/07\/10\/de-vieux-avions-recycles-au-nord-de-montreal\/#primaryimage\",\"url\":\"https:\/\/www.aerocycle.com\/wp-content\/uploads\/2020\/07\/2020-0709-1994_01.jpeg\",\"contentUrl\":\"https:\/\/www.aerocycle.com\/wp-content\/uploads\/2020\/07\/2020-0709-1994_01.jpeg\",\"width\":640,\"height\":360},{\"@type\":\"BreadcrumbList\",\"@id\":\"https:\/\/www.aerocycle.com\/fr\/2020\/07\/10\/de-vieux-avions-recycles-au-nord-de-montreal\/#breadcrumb\",\"itemListElement\":[{\"@type\":\"ListItem\",\"position\":1,\"name\":\"Accueil\",\"item\":\"https:\/\/www.aerocycle.com\/fr\/\"},{\"@type\":\"ListItem\",\"position\":2,\"name\":\"De vieux avions recycl\u00e9s au nord de Montr\u00e9al\"}]},{\"@type\":\"WebSite\",\"@id\":\"https:\/\/www.aerocycle.com\/fr\/#website\",\"url\":\"https:\/\/www.aerocycle.com\/fr\/\",\"name\":\"Aerocycle\",\"description\":\"Un site utilisant WordPress\",\"publisher\":{\"@id\":\"https:\/\/www.aerocycle.com\/fr\/#organization\"},\"potentialAction\":[{\"@type\":\"SearchAction\",\"target\":{\"@type\":\"EntryPoint\",\"urlTemplate\":\"https:\/\/www.aerocycle.com\/fr\/?s={search_term_string}\"},\"query-input\":{\"@type\":\"PropertyValueSpecification\",\"valueRequired\":true,\"valueName\":\"search_term_string\"}}],\"inLanguage\":\"fr-FR\"},{\"@type\":\"Organization\",\"@id\":\"https:\/\/www.aerocycle.com\/fr\/#organization\",\"name\":\"Aerocycle\",\"url\":\"https:\/\/www.aerocycle.com\/fr\/\",\"logo\":{\"@type\":\"ImageObject\",\"inLanguage\":\"fr-FR\",\"@id\":\"https:\/\/www.aerocycle.com\/fr\/#\/schema\/logo\/image\/\",\"url\":\"https:\/\/www.aerocycle.com\/wp-content\/uploads\/2019\/06\/logo-Aerocycle-s.png\",\"contentUrl\":\"https:\/\/www.aerocycle.com\/wp-content\/uploads\/2019\/06\/logo-Aerocycle-s.png\",\"width\":103,\"height\":50,\"caption\":\"Aerocycle\"},\"image\":{\"@id\":\"https:\/\/www.aerocycle.com\/fr\/#\/schema\/logo\/image\/\"}},{\"@type\":\"Person\",\"@id\":\"https:\/\/www.aerocycle.com\/fr\/#\/schema\/person\/22014b89d662428437aad9950b86e075\",\"name\":\"Aerocycle\",\"image\":{\"@type\":\"ImageObject\",\"inLanguage\":\"fr-FR\",\"@id\":\"https:\/\/www.aerocycle.com\/fr\/#\/schema\/person\/image\/\",\"url\":\"https:\/\/secure.gravatar.com\/avatar\/e30eddd5cac43a69660ad0762ed3c8ecf8e169c0ccc3273c74b111e8892e83b3?s=96&d=mm&r=g\",\"contentUrl\":\"https:\/\/secure.gravatar.com\/avatar\/e30eddd5cac43a69660ad0762ed3c8ecf8e169c0ccc3273c74b111e8892e83b3?s=96&d=mm&r=g\",\"caption\":\"Aerocycle\"},\"url\":\"https:\/\/www.aerocycle.com\/fr\/author\/aerocycle\/\"}]}<\/script>\n<!-- \/ Yoast SEO plugin. -->","yoast_head_json":{"title":"De vieux avions recycl\u00e9s au nord de Montr\u00e9al - Aerocycle","robots":{"index":"index","follow":"follow","max-snippet":"max-snippet:-1","max-image-preview":"max-image-preview:large","max-video-preview":"max-video-preview:-1"},"canonical":"https:\/\/www.aerocycle.com\/fr\/2020\/07\/10\/de-vieux-avions-recycles-au-nord-de-montreal\/","og_locale":"fr_FR","og_type":"article","og_title":"De vieux avions recycl\u00e9s au nord de Montr\u00e9al - Aerocycle","og_description":"La crise dans le monde de l\u2019aviation pousse les entreprises \u00e0 se d\u00e9partir plus rapidement de leurs vieux appareils, trop co\u00fbteux \u00e0 exploiter. Question d\u2019\u00e9conomie, mais aussi question d\u2019\u00e9cologie. Les cimeti\u00e8res d\u2019avions laissent place, tranquillement, \u00e0 d\u2019immenses usines de recyclage. Il n\u2019y en a qu\u2019un...","og_url":"https:\/\/www.aerocycle.com\/fr\/2020\/07\/10\/de-vieux-avions-recycles-au-nord-de-montreal\/","og_site_name":"Aerocycle","article_published_time":"2020-07-10T14:10:37+00:00","article_modified_time":"2020-09-15T20:01:25+00:00","og_image":[{"width":640,"height":360,"url":"https:\/\/www.aerocycle.com\/wp-content\/uploads\/2020\/07\/2020-0709-1994_01.jpeg","type":"image\/jpeg"}],"author":"Aerocycle","twitter_card":"summary_large_image","twitter_misc":{"\u00c9crit par":"Aerocycle"},"schema":{"@context":"https:\/\/schema.org","@graph":[{"@type":"Article","@id":"https:\/\/www.aerocycle.com\/fr\/2020\/07\/10\/de-vieux-avions-recycles-au-nord-de-montreal\/#article","isPartOf":{"@id":"https:\/\/www.aerocycle.com\/fr\/2020\/07\/10\/de-vieux-avions-recycles-au-nord-de-montreal\/"},"author":{"name":"Aerocycle","@id":"https:\/\/www.aerocycle.com\/fr\/#\/schema\/person\/22014b89d662428437aad9950b86e075"},"headline":"De vieux avions recycl\u00e9s au nord de Montr\u00e9al","datePublished":"2020-07-10T14:10:37+00:00","dateModified":"2020-09-15T20:01:25+00:00","mainEntityOfPage":{"@id":"https:\/\/www.aerocycle.com\/fr\/2020\/07\/10\/de-vieux-avions-recycles-au-nord-de-montreal\/"},"wordCount":80,"publisher":{"@id":"https:\/\/www.aerocycle.com\/fr\/#organization"},"image":{"@id":"https:\/\/www.aerocycle.com\/fr\/2020\/07\/10\/de-vieux-avions-recycles-au-nord-de-montreal\/#primaryimage"},"thumbnailUrl":"https:\/\/www.aerocycle.com\/wp-content\/uploads\/2020\/07\/2020-0709-1994_01.jpeg","articleSection":["M\u00e9dias"],"inLanguage":"fr-FR"},{"@type":"WebPage","@id":"https:\/\/www.aerocycle.com\/fr\/2020\/07\/10\/de-vieux-avions-recycles-au-nord-de-montreal\/","url":"https:\/\/www.aerocycle.com\/fr\/2020\/07\/10\/de-vieux-avions-recycles-au-nord-de-montreal\/","name":"De vieux avions recycl\u00e9s au nord de Montr\u00e9al - Aerocycle","isPartOf":{"@id":"https:\/\/www.aerocycle.com\/fr\/#website"},"primaryImageOfPage":{"@id":"https:\/\/www.aerocycle.com\/fr\/2020\/07\/10\/de-vieux-avions-recycles-au-nord-de-montreal\/#primaryimage"},"image":{"@id":"https:\/\/www.aerocycle.com\/fr\/2020\/07\/10\/de-vieux-avions-recycles-au-nord-de-montreal\/#primaryimage"},"thumbnailUrl":"https:\/\/www.aerocycle.com\/wp-content\/uploads\/2020\/07\/2020-0709-1994_01.jpeg","datePublished":"2020-07-10T14:10:37+00:00","dateModified":"2020-09-15T20:01:25+00:00","breadcrumb":{"@id":"https:\/\/www.aerocycle.com\/fr\/2020\/07\/10\/de-vieux-avions-recycles-au-nord-de-montreal\/#breadcrumb"},"inLanguage":"fr-FR","potentialAction":[{"@type":"ReadAction","target":["https:\/\/www.aerocycle.com\/fr\/2020\/07\/10\/de-vieux-avions-recycles-au-nord-de-montreal\/"]}]},{"@type":"ImageObject","inLanguage":"fr-FR","@id":"https:\/\/www.aerocycle.com\/fr\/2020\/07\/10\/de-vieux-avions-recycles-au-nord-de-montreal\/#primaryimage","url":"https:\/\/www.aerocycle.com\/wp-content\/uploads\/2020\/07\/2020-0709-1994_01.jpeg","contentUrl":"https:\/\/www.aerocycle.com\/wp-content\/uploads\/2020\/07\/2020-0709-1994_01.jpeg","width":640,"height":360},{"@type":"BreadcrumbList","@id":"https:\/\/www.aerocycle.com\/fr\/2020\/07\/10\/de-vieux-avions-recycles-au-nord-de-montreal\/#breadcrumb","itemListElement":[{"@type":"ListItem","position":1,"name":"Accueil","item":"https:\/\/www.aerocycle.com\/fr\/"},{"@type":"ListItem","position":2,"name":"De vieux avions recycl\u00e9s au nord de Montr\u00e9al"}]},{"@type":"WebSite","@id":"https:\/\/www.aerocycle.com\/fr\/#website","url":"https:\/\/www.aerocycle.com\/fr\/","name":"Aerocycle","description":"Un site utilisant WordPress","publisher":{"@id":"https:\/\/www.aerocycle.com\/fr\/#organization"},"potentialAction":[{"@type":"SearchAction","target":{"@type":"EntryPoint","urlTemplate":"https:\/\/www.aerocycle.com\/fr\/?s={search_term_string}"},"query-input":{"@type":"PropertyValueSpecification","valueRequired":true,"valueName":"search_term_string"}}],"inLanguage":"fr-FR"},{"@type":"Organization","@id":"https:\/\/www.aerocycle.com\/fr\/#organization","name":"Aerocycle","url":"https:\/\/www.aerocycle.com\/fr\/","logo":{"@type":"ImageObject","inLanguage":"fr-FR","@id":"https:\/\/www.aerocycle.com\/fr\/#\/schema\/logo\/image\/","url":"https:\/\/www.aerocycle.com\/wp-content\/uploads\/2019\/06\/logo-Aerocycle-s.png","contentUrl":"https:\/\/www.aerocycle.com\/wp-content\/uploads\/2019\/06\/logo-Aerocycle-s.png","width":103,"height":50,"caption":"Aerocycle"},"image":{"@id":"https:\/\/www.aerocycle.com\/fr\/#\/schema\/logo\/image\/"}},{"@type":"Person","@id":"https:\/\/www.aerocycle.com\/fr\/#\/schema\/person\/22014b89d662428437aad9950b86e075","name":"Aerocycle","image":{"@type":"ImageObject","inLanguage":"fr-FR","@id":"https:\/\/www.aerocycle.com\/fr\/#\/schema\/person\/image\/","url":"https:\/\/secure.gravatar.com\/avatar\/e30eddd5cac43a69660ad0762ed3c8ecf8e169c0ccc3273c74b111e8892e83b3?s=96&d=mm&r=g","contentUrl":"https:\/\/secure.gravatar.com\/avatar\/e30eddd5cac43a69660ad0762ed3c8ecf8e169c0ccc3273c74b111e8892e83b3?s=96&d=mm&r=g","caption":"Aerocycle"},"url":"https:\/\/www.aerocycle.com\/fr\/author\/aerocycle\/"}]}},"_links":{"self":[{"href":"https:\/\/www.aerocycle.com\/fr\/wp-json\/wp\/v2\/posts\/18010","targetHints":{"allow":["GET"]}}],"collection":[{"href":"https:\/\/www.aerocycle.com\/fr\/wp-json\/wp\/v2\/posts"}],"about":[{"href":"https:\/\/www.aerocycle.com\/fr\/wp-json\/wp\/v2\/types\/post"}],"author":[{"embeddable":true,"href":"https:\/\/www.aerocycle.com\/fr\/wp-json\/wp\/v2\/users\/2"}],"replies":[{"embeddable":true,"href":"https:\/\/www.aerocycle.com\/fr\/wp-json\/wp\/v2\/comments?post=18010"}],"version-history":[{"count":3,"href":"https:\/\/www.aerocycle.com\/fr\/wp-json\/wp\/v2\/posts\/18010\/revisions"}],"predecessor-version":[{"id":18116,"href":"https:\/\/www.aerocycle.com\/fr\/wp-json\/wp\/v2\/posts\/18010\/revisions\/18116"}],"wp:featuredmedia":[{"embeddable":true,"href":"https:\/\/www.aerocycle.com\/fr\/wp-json\/wp\/v2\/media\/18024"}],"wp:attachment":[{"href":"https:\/\/www.aerocycle.com\/fr\/wp-json\/wp\/v2\/media?parent=18010"}],"wp:term":[{"taxonomy":"category","embeddable":true,"href":"https:\/\/www.aerocycle.com\/fr\/wp-json\/wp\/v2\/categories?post=18010"},{"taxonomy":"post_tag","embeddable":true,"href":"https:\/\/www.aerocycle.com\/fr\/wp-json\/wp\/v2\/tags?post=18010"}],"curies":[{"name":"wp","href":"https:\/\/api.w.org\/{rel}","templated":true}]}}