{"id":18015,"date":"2020-07-10T16:14:22","date_gmt":"2020-07-10T14:14:22","guid":{"rendered":"https:\/\/dev2025.aerocycle.com\/?p=18015"},"modified":"2020-09-15T22:01:04","modified_gmt":"2020-09-15T20:01:04","slug":"demanteles-a-mirabel-des-avions-reprennent-vie-en-pieces-detachees","status":"publish","type":"post","link":"https:\/\/www.aerocycle.com\/fr\/2020\/07\/10\/demanteles-a-mirabel-des-avions-reprennent-vie-en-pieces-detachees\/","title":{"rendered":"D\u00e9mantel\u00e9s \u00e0 Mirabel, des avions reprennent vie en pi\u00e8ces d\u00e9tach\u00e9es"},"content":{"rendered":"<p>R\u00e9cup\u00e9rateurs, collectionneurs et designers de meubles redonneront une nouvelle vocation \u00e0 ces g\u00e9ants des airs.<!--more--><\/p>\n<p><a href=\"https:\/\/ici.radio-canada.ca\/nouvelle\/1718135\/avion-recyclage-mirabel-pieces-detachees\" target=\"_blank\" rel=\"noopener noreferrer\">Cliquer ici pour lire l\u2019article<\/a><\/p>\n","protected":false},"excerpt":{"rendered":"<p>R\u00e9cup\u00e9rateurs, collectionneurs et designers de meubles redonneront une nouvelle vocation \u00e0 ces g\u00e9ants des airs.<\/p>\n","protected":false},"author":2,"featured_media":18027,"comment_status":"closed","ping_status":"closed","sticky":false,"template":"","format":"standard","meta":{"footnotes":""},"categories":[133],"tags":[],"class_list":["post-18015","post","type-post","status-publish","format-standard","has-post-thumbnail","hentry","category-medias"],"yoast_head":"<!-- This site is optimized with the Yoast SEO plugin v26.6 - https:\/\/yoast.com\/wordpress\/plugins\/seo\/ -->\n<title>D\u00e9mantel\u00e9s \u00e0 Mirabel, des avions reprennent vie en pi\u00e8ces d\u00e9tach\u00e9es - Aerocycle<\/title>\n<meta name=\"robots\" content=\"index, follow, max-snippet:-1, max-image-preview:large, max-video-preview:-1\" \/>\n<link rel=\"canonical\" href=\"https:\/\/www.aerocycle.com\/fr\/2020\/07\/10\/demanteles-a-mirabel-des-avions-reprennent-vie-en-pieces-detachees\/\" \/>\n<meta property=\"og:locale\" content=\"fr_FR\" \/>\n<meta property=\"og:type\" content=\"article\" \/>\n<meta property=\"og:title\" content=\"D\u00e9mantel\u00e9s \u00e0 Mirabel, des avions reprennent vie en pi\u00e8ces d\u00e9tach\u00e9es - Aerocycle\" \/>\n<meta property=\"og:description\" content=\"R\u00e9cup\u00e9rateurs, collectionneurs et designers de meubles redonneront une nouvelle vocation \u00e0 ces g\u00e9ants des airs.\" \/>\n<meta property=\"og:url\" content=\"https:\/\/www.aerocycle.com\/fr\/2020\/07\/10\/demanteles-a-mirabel-des-avions-reprennent-vie-en-pieces-detachees\/\" \/>\n<meta property=\"og:site_name\" content=\"Aerocycle\" \/>\n<meta property=\"article:published_time\" content=\"2020-07-10T14:14:22+00:00\" \/>\n<meta property=\"article:modified_time\" content=\"2020-09-15T20:01:04+00:00\" \/>\n<meta property=\"og:image\" content=\"https:\/\/www.aerocycle.com\/wp-content\/uploads\/2020\/07\/Taxiway_Aerocycle-scaled.jpg\" \/>\n\t<meta property=\"og:image:width\" content=\"2560\" \/>\n\t<meta property=\"og:image:height\" content=\"1440\" \/>\n\t<meta property=\"og:image:type\" content=\"image\/jpeg\" \/>\n<meta name=\"author\" content=\"Aerocycle\" \/>\n<meta name=\"twitter:card\" content=\"summary_large_image\" \/>\n<meta name=\"twitter:label1\" content=\"\u00c9crit par\" \/>\n\t<meta name=\"twitter:data1\" content=\"Aerocycle\" \/>\n<script type=\"application\/ld+json\" class=\"yoast-schema-graph\">{\"@context\":\"https:\/\/schema.org\",\"@graph\":[{\"@type\":\"Article\",\"@id\":\"https:\/\/www.aerocycle.com\/fr\/2020\/07\/10\/demanteles-a-mirabel-des-avions-reprennent-vie-en-pieces-detachees\/#article\",\"isPartOf\":{\"@id\":\"https:\/\/www.aerocycle.com\/fr\/2020\/07\/10\/demanteles-a-mirabel-des-avions-reprennent-vie-en-pieces-detachees\/\"},\"author\":{\"name\":\"Aerocycle\",\"@id\":\"https:\/\/www.aerocycle.com\/fr\/#\/schema\/person\/22014b89d662428437aad9950b86e075\"},\"headline\":\"D\u00e9mantel\u00e9s \u00e0 Mirabel, des avions reprennent vie en pi\u00e8ces d\u00e9tach\u00e9es\",\"datePublished\":\"2020-07-10T14:14:22+00:00\",\"dateModified\":\"2020-09-15T20:01:04+00:00\",\"mainEntityOfPage\":{\"@id\":\"https:\/\/www.aerocycle.com\/fr\/2020\/07\/10\/demanteles-a-mirabel-des-avions-reprennent-vie-en-pieces-detachees\/\"},\"wordCount\":37,\"publisher\":{\"@id\":\"https:\/\/www.aerocycle.com\/fr\/#organization\"},\"image\":{\"@id\":\"https:\/\/www.aerocycle.com\/fr\/2020\/07\/10\/demanteles-a-mirabel-des-avions-reprennent-vie-en-pieces-detachees\/#primaryimage\"},\"thumbnailUrl\":\"https:\/\/www.aerocycle.com\/wp-content\/uploads\/2020\/07\/Taxiway_Aerocycle-scaled.jpg\",\"articleSection\":[\"M\u00e9dias\"],\"inLanguage\":\"fr-FR\"},{\"@type\":\"WebPage\",\"@id\":\"https:\/\/www.aerocycle.com\/fr\/2020\/07\/10\/demanteles-a-mirabel-des-avions-reprennent-vie-en-pieces-detachees\/\",\"url\":\"https:\/\/www.aerocycle.com\/fr\/2020\/07\/10\/demanteles-a-mirabel-des-avions-reprennent-vie-en-pieces-detachees\/\",\"name\":\"D\u00e9mantel\u00e9s \u00e0 Mirabel, des avions reprennent vie en pi\u00e8ces d\u00e9tach\u00e9es - Aerocycle\",\"isPartOf\":{\"@id\":\"https:\/\/www.aerocycle.com\/fr\/#website\"},\"primaryImageOfPage\":{\"@id\":\"https:\/\/www.aerocycle.com\/fr\/2020\/07\/10\/demanteles-a-mirabel-des-avions-reprennent-vie-en-pieces-detachees\/#primaryimage\"},\"image\":{\"@id\":\"https:\/\/www.aerocycle.com\/fr\/2020\/07\/10\/demanteles-a-mirabel-des-avions-reprennent-vie-en-pieces-detachees\/#primaryimage\"},\"thumbnailUrl\":\"https:\/\/www.aerocycle.com\/wp-content\/uploads\/2020\/07\/Taxiway_Aerocycle-scaled.jpg\",\"datePublished\":\"2020-07-10T14:14:22+00:00\",\"dateModified\":\"2020-09-15T20:01:04+00:00\",\"breadcrumb\":{\"@id\":\"https:\/\/www.aerocycle.com\/fr\/2020\/07\/10\/demanteles-a-mirabel-des-avions-reprennent-vie-en-pieces-detachees\/#breadcrumb\"},\"inLanguage\":\"fr-FR\",\"potentialAction\":[{\"@type\":\"ReadAction\",\"target\":[\"https:\/\/www.aerocycle.com\/fr\/2020\/07\/10\/demanteles-a-mirabel-des-avions-reprennent-vie-en-pieces-detachees\/\"]}]},{\"@type\":\"ImageObject\",\"inLanguage\":\"fr-FR\",\"@id\":\"https:\/\/www.aerocycle.com\/fr\/2020\/07\/10\/demanteles-a-mirabel-des-avions-reprennent-vie-en-pieces-detachees\/#primaryimage\",\"url\":\"https:\/\/www.aerocycle.com\/wp-content\/uploads\/2020\/07\/Taxiway_Aerocycle-scaled.jpg\",\"contentUrl\":\"https:\/\/www.aerocycle.com\/wp-content\/uploads\/2020\/07\/Taxiway_Aerocycle-scaled.jpg\",\"width\":2560,\"height\":1440},{\"@type\":\"BreadcrumbList\",\"@id\":\"https:\/\/www.aerocycle.com\/fr\/2020\/07\/10\/demanteles-a-mirabel-des-avions-reprennent-vie-en-pieces-detachees\/#breadcrumb\",\"itemListElement\":[{\"@type\":\"ListItem\",\"position\":1,\"name\":\"Accueil\",\"item\":\"https:\/\/www.aerocycle.com\/fr\/\"},{\"@type\":\"ListItem\",\"position\":2,\"name\":\"D\u00e9mantel\u00e9s \u00e0 Mirabel, des avions reprennent vie en pi\u00e8ces d\u00e9tach\u00e9es\"}]},{\"@type\":\"WebSite\",\"@id\":\"https:\/\/www.aerocycle.com\/fr\/#website\",\"url\":\"https:\/\/www.aerocycle.com\/fr\/\",\"name\":\"Aerocycle\",\"description\":\"Un site utilisant WordPress\",\"publisher\":{\"@id\":\"https:\/\/www.aerocycle.com\/fr\/#organization\"},\"potentialAction\":[{\"@type\":\"SearchAction\",\"target\":{\"@type\":\"EntryPoint\",\"urlTemplate\":\"https:\/\/www.aerocycle.com\/fr\/?s={search_term_string}\"},\"query-input\":{\"@type\":\"PropertyValueSpecification\",\"valueRequired\":true,\"valueName\":\"search_term_string\"}}],\"inLanguage\":\"fr-FR\"},{\"@type\":\"Organization\",\"@id\":\"https:\/\/www.aerocycle.com\/fr\/#organization\",\"name\":\"Aerocycle\",\"url\":\"https:\/\/www.aerocycle.com\/fr\/\",\"logo\":{\"@type\":\"ImageObject\",\"inLanguage\":\"fr-FR\",\"@id\":\"https:\/\/www.aerocycle.com\/fr\/#\/schema\/logo\/image\/\",\"url\":\"https:\/\/www.aerocycle.com\/wp-content\/uploads\/2019\/06\/logo-Aerocycle-s.png\",\"contentUrl\":\"https:\/\/www.aerocycle.com\/wp-content\/uploads\/2019\/06\/logo-Aerocycle-s.png\",\"width\":103,\"height\":50,\"caption\":\"Aerocycle\"},\"image\":{\"@id\":\"https:\/\/www.aerocycle.com\/fr\/#\/schema\/logo\/image\/\"}},{\"@type\":\"Person\",\"@id\":\"https:\/\/www.aerocycle.com\/fr\/#\/schema\/person\/22014b89d662428437aad9950b86e075\",\"name\":\"Aerocycle\",\"image\":{\"@type\":\"ImageObject\",\"inLanguage\":\"fr-FR\",\"@id\":\"https:\/\/www.aerocycle.com\/fr\/#\/schema\/person\/image\/\",\"url\":\"https:\/\/secure.gravatar.com\/avatar\/e30eddd5cac43a69660ad0762ed3c8ecf8e169c0ccc3273c74b111e8892e83b3?s=96&d=mm&r=g\",\"contentUrl\":\"https:\/\/secure.gravatar.com\/avatar\/e30eddd5cac43a69660ad0762ed3c8ecf8e169c0ccc3273c74b111e8892e83b3?s=96&d=mm&r=g\",\"caption\":\"Aerocycle\"},\"url\":\"https:\/\/www.aerocycle.com\/fr\/author\/aerocycle\/\"}]}<\/script>\n<!-- \/ Yoast SEO plugin. -->","yoast_head_json":{"title":"D\u00e9mantel\u00e9s \u00e0 Mirabel, des avions reprennent vie en pi\u00e8ces d\u00e9tach\u00e9es - Aerocycle","robots":{"index":"index","follow":"follow","max-snippet":"max-snippet:-1","max-image-preview":"max-image-preview:large","max-video-preview":"max-video-preview:-1"},"canonical":"https:\/\/www.aerocycle.com\/fr\/2020\/07\/10\/demanteles-a-mirabel-des-avions-reprennent-vie-en-pieces-detachees\/","og_locale":"fr_FR","og_type":"article","og_title":"D\u00e9mantel\u00e9s \u00e0 Mirabel, des avions reprennent vie en pi\u00e8ces d\u00e9tach\u00e9es - Aerocycle","og_description":"R\u00e9cup\u00e9rateurs, collectionneurs et designers de meubles redonneront une nouvelle vocation \u00e0 ces g\u00e9ants des airs.","og_url":"https:\/\/www.aerocycle.com\/fr\/2020\/07\/10\/demanteles-a-mirabel-des-avions-reprennent-vie-en-pieces-detachees\/","og_site_name":"Aerocycle","article_published_time":"2020-07-10T14:14:22+00:00","article_modified_time":"2020-09-15T20:01:04+00:00","og_image":[{"width":2560,"height":1440,"url":"https:\/\/www.aerocycle.com\/wp-content\/uploads\/2020\/07\/Taxiway_Aerocycle-scaled.jpg","type":"image\/jpeg"}],"author":"Aerocycle","twitter_card":"summary_large_image","twitter_misc":{"\u00c9crit par":"Aerocycle"},"schema":{"@context":"https:\/\/schema.org","@graph":[{"@type":"Article","@id":"https:\/\/www.aerocycle.com\/fr\/2020\/07\/10\/demanteles-a-mirabel-des-avions-reprennent-vie-en-pieces-detachees\/#article","isPartOf":{"@id":"https:\/\/www.aerocycle.com\/fr\/2020\/07\/10\/demanteles-a-mirabel-des-avions-reprennent-vie-en-pieces-detachees\/"},"author":{"name":"Aerocycle","@id":"https:\/\/www.aerocycle.com\/fr\/#\/schema\/person\/22014b89d662428437aad9950b86e075"},"headline":"D\u00e9mantel\u00e9s \u00e0 Mirabel, des avions reprennent vie en pi\u00e8ces d\u00e9tach\u00e9es","datePublished":"2020-07-10T14:14:22+00:00","dateModified":"2020-09-15T20:01:04+00:00","mainEntityOfPage":{"@id":"https:\/\/www.aerocycle.com\/fr\/2020\/07\/10\/demanteles-a-mirabel-des-avions-reprennent-vie-en-pieces-detachees\/"},"wordCount":37,"publisher":{"@id":"https:\/\/www.aerocycle.com\/fr\/#organization"},"image":{"@id":"https:\/\/www.aerocycle.com\/fr\/2020\/07\/10\/demanteles-a-mirabel-des-avions-reprennent-vie-en-pieces-detachees\/#primaryimage"},"thumbnailUrl":"https:\/\/www.aerocycle.com\/wp-content\/uploads\/2020\/07\/Taxiway_Aerocycle-scaled.jpg","articleSection":["M\u00e9dias"],"inLanguage":"fr-FR"},{"@type":"WebPage","@id":"https:\/\/www.aerocycle.com\/fr\/2020\/07\/10\/demanteles-a-mirabel-des-avions-reprennent-vie-en-pieces-detachees\/","url":"https:\/\/www.aerocycle.com\/fr\/2020\/07\/10\/demanteles-a-mirabel-des-avions-reprennent-vie-en-pieces-detachees\/","name":"D\u00e9mantel\u00e9s \u00e0 Mirabel, des avions reprennent vie en pi\u00e8ces d\u00e9tach\u00e9es - Aerocycle","isPartOf":{"@id":"https:\/\/www.aerocycle.com\/fr\/#website"},"primaryImageOfPage":{"@id":"https:\/\/www.aerocycle.com\/fr\/2020\/07\/10\/demanteles-a-mirabel-des-avions-reprennent-vie-en-pieces-detachees\/#primaryimage"},"image":{"@id":"https:\/\/www.aerocycle.com\/fr\/2020\/07\/10\/demanteles-a-mirabel-des-avions-reprennent-vie-en-pieces-detachees\/#primaryimage"},"thumbnailUrl":"https:\/\/www.aerocycle.com\/wp-content\/uploads\/2020\/07\/Taxiway_Aerocycle-scaled.jpg","datePublished":"2020-07-10T14:14:22+00:00","dateModified":"2020-09-15T20:01:04+00:00","breadcrumb":{"@id":"https:\/\/www.aerocycle.com\/fr\/2020\/07\/10\/demanteles-a-mirabel-des-avions-reprennent-vie-en-pieces-detachees\/#breadcrumb"},"inLanguage":"fr-FR","potentialAction":[{"@type":"ReadAction","target":["https:\/\/www.aerocycle.com\/fr\/2020\/07\/10\/demanteles-a-mirabel-des-avions-reprennent-vie-en-pieces-detachees\/"]}]},{"@type":"ImageObject","inLanguage":"fr-FR","@id":"https:\/\/www.aerocycle.com\/fr\/2020\/07\/10\/demanteles-a-mirabel-des-avions-reprennent-vie-en-pieces-detachees\/#primaryimage","url":"https:\/\/www.aerocycle.com\/wp-content\/uploads\/2020\/07\/Taxiway_Aerocycle-scaled.jpg","contentUrl":"https:\/\/www.aerocycle.com\/wp-content\/uploads\/2020\/07\/Taxiway_Aerocycle-scaled.jpg","width":2560,"height":1440},{"@type":"BreadcrumbList","@id":"https:\/\/www.aerocycle.com\/fr\/2020\/07\/10\/demanteles-a-mirabel-des-avions-reprennent-vie-en-pieces-detachees\/#breadcrumb","itemListElement":[{"@type":"ListItem","position":1,"name":"Accueil","item":"https:\/\/www.aerocycle.com\/fr\/"},{"@type":"ListItem","position":2,"name":"D\u00e9mantel\u00e9s \u00e0 Mirabel, des avions reprennent vie en pi\u00e8ces d\u00e9tach\u00e9es"}]},{"@type":"WebSite","@id":"https:\/\/www.aerocycle.com\/fr\/#website","url":"https:\/\/www.aerocycle.com\/fr\/","name":"Aerocycle","description":"Un site utilisant WordPress","publisher":{"@id":"https:\/\/www.aerocycle.com\/fr\/#organization"},"potentialAction":[{"@type":"SearchAction","target":{"@type":"EntryPoint","urlTemplate":"https:\/\/www.aerocycle.com\/fr\/?s={search_term_string}"},"query-input":{"@type":"PropertyValueSpecification","valueRequired":true,"valueName":"search_term_string"}}],"inLanguage":"fr-FR"},{"@type":"Organization","@id":"https:\/\/www.aerocycle.com\/fr\/#organization","name":"Aerocycle","url":"https:\/\/www.aerocycle.com\/fr\/","logo":{"@type":"ImageObject","inLanguage":"fr-FR","@id":"https:\/\/www.aerocycle.com\/fr\/#\/schema\/logo\/image\/","url":"https:\/\/www.aerocycle.com\/wp-content\/uploads\/2019\/06\/logo-Aerocycle-s.png","contentUrl":"https:\/\/www.aerocycle.com\/wp-content\/uploads\/2019\/06\/logo-Aerocycle-s.png","width":103,"height":50,"caption":"Aerocycle"},"image":{"@id":"https:\/\/www.aerocycle.com\/fr\/#\/schema\/logo\/image\/"}},{"@type":"Person","@id":"https:\/\/www.aerocycle.com\/fr\/#\/schema\/person\/22014b89d662428437aad9950b86e075","name":"Aerocycle","image":{"@type":"ImageObject","inLanguage":"fr-FR","@id":"https:\/\/www.aerocycle.com\/fr\/#\/schema\/person\/image\/","url":"https:\/\/secure.gravatar.com\/avatar\/e30eddd5cac43a69660ad0762ed3c8ecf8e169c0ccc3273c74b111e8892e83b3?s=96&d=mm&r=g","contentUrl":"https:\/\/secure.gravatar.com\/avatar\/e30eddd5cac43a69660ad0762ed3c8ecf8e169c0ccc3273c74b111e8892e83b3?s=96&d=mm&r=g","caption":"Aerocycle"},"url":"https:\/\/www.aerocycle.com\/fr\/author\/aerocycle\/"}]}},"_links":{"self":[{"href":"https:\/\/www.aerocycle.com\/fr\/wp-json\/wp\/v2\/posts\/18015","targetHints":{"allow":["GET"]}}],"collection":[{"href":"https:\/\/www.aerocycle.com\/fr\/wp-json\/wp\/v2\/posts"}],"about":[{"href":"https:\/\/www.aerocycle.com\/fr\/wp-json\/wp\/v2\/types\/post"}],"author":[{"embeddable":true,"href":"https:\/\/www.aerocycle.com\/fr\/wp-json\/wp\/v2\/users\/2"}],"replies":[{"embeddable":true,"href":"https:\/\/www.aerocycle.com\/fr\/wp-json\/wp\/v2\/comments?post=18015"}],"version-history":[{"count":2,"href":"https:\/\/www.aerocycle.com\/fr\/wp-json\/wp\/v2\/posts\/18015\/revisions"}],"predecessor-version":[{"id":18115,"href":"https:\/\/www.aerocycle.com\/fr\/wp-json\/wp\/v2\/posts\/18015\/revisions\/18115"}],"wp:featuredmedia":[{"embeddable":true,"href":"https:\/\/www.aerocycle.com\/fr\/wp-json\/wp\/v2\/media\/18027"}],"wp:attachment":[{"href":"https:\/\/www.aerocycle.com\/fr\/wp-json\/wp\/v2\/media?parent=18015"}],"wp:term":[{"taxonomy":"category","embeddable":true,"href":"https:\/\/www.aerocycle.com\/fr\/wp-json\/wp\/v2\/categories?post=18015"},{"taxonomy":"post_tag","embeddable":true,"href":"https:\/\/www.aerocycle.com\/fr\/wp-json\/wp\/v2\/tags?post=18015"}],"curies":[{"name":"wp","href":"https:\/\/api.w.org\/{rel}","templated":true}]}}