{"id":18104,"date":"2020-09-13T20:59:03","date_gmt":"2020-09-13T18:59:03","guid":{"rendered":"https:\/\/dev2025.aerocycle.com\/?p=18104"},"modified":"2020-09-21T16:32:48","modified_gmt":"2020-09-21T14:32:48","slug":"avions-cloues-au-sol-une-source-doccasions-daffaires-pour-les-fournisseurs-de-pieces-de-rechange","status":"publish","type":"post","link":"https:\/\/www.aerocycle.com\/fr\/2020\/09\/13\/avions-cloues-au-sol-une-source-doccasions-daffaires-pour-les-fournisseurs-de-pieces-de-rechange\/","title":{"rendered":"Avions clou\u00e9s au sol : une source d\u2019occasions d\u2019affaires pour les fournisseurs de pi\u00e8ces de rechange"},"content":{"rendered":"<p>Alors que la pand\u00e9mie de COVID-19 immobilise une part importante de la flotte a\u00e9rienne \u00e0 l\u2019\u00e9chelle mondiale, les entreprises de d\u00e9mant\u00e8lement et fournisseurs de pi\u00e8ces d\u2019avions voient les premiers signes d\u2019une reprise attendue de leurs activit\u00e9s, avec l\u2019acc\u00e9l\u00e9ration par les transporteurs du retrait de leurs avions.<!--more--><\/p>\n<p><a href=\"https:\/\/www.reuters.com\/article\/us-health-coronavirus-aviation-focus\/with-airline-fleets-grounded-plane-recyclers-bet-on-parts-boom-idUSKBN26405X\" target=\"_blank\" rel=\"noopener noreferrer\">Lisez l\u2019article de Reuters Business News (en anglais).<\/a><\/p>\n","protected":false},"excerpt":{"rendered":"<p>Alors que la pand\u00e9mie de COVID-19 immobilise une part importante de la flotte a\u00e9rienne \u00e0 l\u2019\u00e9chelle mondiale, les entreprises de d\u00e9mant\u00e8lement et fournisseurs de pi\u00e8ces d\u2019avions voient les premiers signes d\u2019une reprise attendue de leurs activit\u00e9s, avec l\u2019acc\u00e9l\u00e9ration par les transporteurs du retrait de leurs&#8230;<\/p>\n","protected":false},"author":2,"featured_media":17359,"comment_status":"closed","ping_status":"closed","sticky":false,"template":"","format":"standard","meta":{"footnotes":""},"categories":[133],"tags":[],"class_list":["post-18104","post","type-post","status-publish","format-standard","has-post-thumbnail","hentry","category-medias"],"yoast_head":"<!-- This site is optimized with the Yoast SEO plugin v26.6 - https:\/\/yoast.com\/wordpress\/plugins\/seo\/ -->\n<title>Avions clou\u00e9s au sol : une source d\u2019occasions d\u2019affaires pour les fournisseurs de pi\u00e8ces de rechange - Aerocycle<\/title>\n<meta name=\"robots\" content=\"index, follow, max-snippet:-1, max-image-preview:large, max-video-preview:-1\" \/>\n<link rel=\"canonical\" href=\"https:\/\/www.aerocycle.com\/fr\/2020\/09\/13\/avions-cloues-au-sol-une-source-doccasions-daffaires-pour-les-fournisseurs-de-pieces-de-rechange\/\" \/>\n<meta property=\"og:locale\" content=\"fr_FR\" \/>\n<meta property=\"og:type\" content=\"article\" \/>\n<meta property=\"og:title\" content=\"Avions clou\u00e9s au sol : une source d\u2019occasions d\u2019affaires pour les fournisseurs de pi\u00e8ces de rechange - Aerocycle\" \/>\n<meta property=\"og:description\" content=\"Alors que la pand\u00e9mie de COVID-19 immobilise une part importante de la flotte a\u00e9rienne \u00e0 l\u2019\u00e9chelle mondiale, les entreprises de d\u00e9mant\u00e8lement et fournisseurs de pi\u00e8ces d\u2019avions voient les premiers signes d\u2019une reprise attendue de leurs activit\u00e9s, avec l\u2019acc\u00e9l\u00e9ration par les transporteurs du retrait de leurs...\" \/>\n<meta property=\"og:url\" content=\"https:\/\/www.aerocycle.com\/fr\/2020\/09\/13\/avions-cloues-au-sol-une-source-doccasions-daffaires-pour-les-fournisseurs-de-pieces-de-rechange\/\" \/>\n<meta property=\"og:site_name\" content=\"Aerocycle\" \/>\n<meta property=\"article:published_time\" content=\"2020-09-13T18:59:03+00:00\" \/>\n<meta property=\"article:modified_time\" content=\"2020-09-21T14:32:48+00:00\" \/>\n<meta property=\"og:image\" content=\"https:\/\/www.aerocycle.com\/wp-content\/uploads\/2019\/07\/pw1100.jpg\" \/>\n\t<meta property=\"og:image:width\" content=\"960\" \/>\n\t<meta property=\"og:image:height\" content=\"540\" \/>\n\t<meta property=\"og:image:type\" content=\"image\/jpeg\" \/>\n<meta name=\"author\" content=\"Aerocycle\" \/>\n<meta name=\"twitter:card\" content=\"summary_large_image\" \/>\n<meta name=\"twitter:label1\" content=\"\u00c9crit par\" \/>\n\t<meta name=\"twitter:data1\" content=\"Aerocycle\" \/>\n<script type=\"application\/ld+json\" class=\"yoast-schema-graph\">{\"@context\":\"https:\/\/schema.org\",\"@graph\":[{\"@type\":\"Article\",\"@id\":\"https:\/\/www.aerocycle.com\/fr\/2020\/09\/13\/avions-cloues-au-sol-une-source-doccasions-daffaires-pour-les-fournisseurs-de-pieces-de-rechange\/#article\",\"isPartOf\":{\"@id\":\"https:\/\/www.aerocycle.com\/fr\/2020\/09\/13\/avions-cloues-au-sol-une-source-doccasions-daffaires-pour-les-fournisseurs-de-pieces-de-rechange\/\"},\"author\":{\"name\":\"Aerocycle\",\"@id\":\"https:\/\/www.aerocycle.com\/fr\/#\/schema\/person\/22014b89d662428437aad9950b86e075\"},\"headline\":\"Avions clou\u00e9s au sol : une source d\u2019occasions d\u2019affaires pour les fournisseurs de pi\u00e8ces de rechange\",\"datePublished\":\"2020-09-13T18:59:03+00:00\",\"dateModified\":\"2020-09-21T14:32:48+00:00\",\"mainEntityOfPage\":{\"@id\":\"https:\/\/www.aerocycle.com\/fr\/2020\/09\/13\/avions-cloues-au-sol-une-source-doccasions-daffaires-pour-les-fournisseurs-de-pieces-de-rechange\/\"},\"wordCount\":85,\"publisher\":{\"@id\":\"https:\/\/www.aerocycle.com\/fr\/#organization\"},\"image\":{\"@id\":\"https:\/\/www.aerocycle.com\/fr\/2020\/09\/13\/avions-cloues-au-sol-une-source-doccasions-daffaires-pour-les-fournisseurs-de-pieces-de-rechange\/#primaryimage\"},\"thumbnailUrl\":\"https:\/\/www.aerocycle.com\/wp-content\/uploads\/2019\/07\/pw1100.jpg\",\"articleSection\":[\"M\u00e9dias\"],\"inLanguage\":\"fr-FR\"},{\"@type\":\"WebPage\",\"@id\":\"https:\/\/www.aerocycle.com\/fr\/2020\/09\/13\/avions-cloues-au-sol-une-source-doccasions-daffaires-pour-les-fournisseurs-de-pieces-de-rechange\/\",\"url\":\"https:\/\/www.aerocycle.com\/fr\/2020\/09\/13\/avions-cloues-au-sol-une-source-doccasions-daffaires-pour-les-fournisseurs-de-pieces-de-rechange\/\",\"name\":\"Avions clou\u00e9s au sol : une source d\u2019occasions d\u2019affaires pour les fournisseurs de pi\u00e8ces de rechange - Aerocycle\",\"isPartOf\":{\"@id\":\"https:\/\/www.aerocycle.com\/fr\/#website\"},\"primaryImageOfPage\":{\"@id\":\"https:\/\/www.aerocycle.com\/fr\/2020\/09\/13\/avions-cloues-au-sol-une-source-doccasions-daffaires-pour-les-fournisseurs-de-pieces-de-rechange\/#primaryimage\"},\"image\":{\"@id\":\"https:\/\/www.aerocycle.com\/fr\/2020\/09\/13\/avions-cloues-au-sol-une-source-doccasions-daffaires-pour-les-fournisseurs-de-pieces-de-rechange\/#primaryimage\"},\"thumbnailUrl\":\"https:\/\/www.aerocycle.com\/wp-content\/uploads\/2019\/07\/pw1100.jpg\",\"datePublished\":\"2020-09-13T18:59:03+00:00\",\"dateModified\":\"2020-09-21T14:32:48+00:00\",\"breadcrumb\":{\"@id\":\"https:\/\/www.aerocycle.com\/fr\/2020\/09\/13\/avions-cloues-au-sol-une-source-doccasions-daffaires-pour-les-fournisseurs-de-pieces-de-rechange\/#breadcrumb\"},\"inLanguage\":\"fr-FR\",\"potentialAction\":[{\"@type\":\"ReadAction\",\"target\":[\"https:\/\/www.aerocycle.com\/fr\/2020\/09\/13\/avions-cloues-au-sol-une-source-doccasions-daffaires-pour-les-fournisseurs-de-pieces-de-rechange\/\"]}]},{\"@type\":\"ImageObject\",\"inLanguage\":\"fr-FR\",\"@id\":\"https:\/\/www.aerocycle.com\/fr\/2020\/09\/13\/avions-cloues-au-sol-une-source-doccasions-daffaires-pour-les-fournisseurs-de-pieces-de-rechange\/#primaryimage\",\"url\":\"https:\/\/www.aerocycle.com\/wp-content\/uploads\/2019\/07\/pw1100.jpg\",\"contentUrl\":\"https:\/\/www.aerocycle.com\/wp-content\/uploads\/2019\/07\/pw1100.jpg\",\"width\":960,\"height\":540,\"caption\":\"PW1100G-JM First Flight\"},{\"@type\":\"BreadcrumbList\",\"@id\":\"https:\/\/www.aerocycle.com\/fr\/2020\/09\/13\/avions-cloues-au-sol-une-source-doccasions-daffaires-pour-les-fournisseurs-de-pieces-de-rechange\/#breadcrumb\",\"itemListElement\":[{\"@type\":\"ListItem\",\"position\":1,\"name\":\"Accueil\",\"item\":\"https:\/\/www.aerocycle.com\/fr\/\"},{\"@type\":\"ListItem\",\"position\":2,\"name\":\"Avions clou\u00e9s au sol : une source d\u2019occasions d\u2019affaires pour les fournisseurs de pi\u00e8ces de rechange\"}]},{\"@type\":\"WebSite\",\"@id\":\"https:\/\/www.aerocycle.com\/fr\/#website\",\"url\":\"https:\/\/www.aerocycle.com\/fr\/\",\"name\":\"Aerocycle\",\"description\":\"Un site utilisant WordPress\",\"publisher\":{\"@id\":\"https:\/\/www.aerocycle.com\/fr\/#organization\"},\"potentialAction\":[{\"@type\":\"SearchAction\",\"target\":{\"@type\":\"EntryPoint\",\"urlTemplate\":\"https:\/\/www.aerocycle.com\/fr\/?s={search_term_string}\"},\"query-input\":{\"@type\":\"PropertyValueSpecification\",\"valueRequired\":true,\"valueName\":\"search_term_string\"}}],\"inLanguage\":\"fr-FR\"},{\"@type\":\"Organization\",\"@id\":\"https:\/\/www.aerocycle.com\/fr\/#organization\",\"name\":\"Aerocycle\",\"url\":\"https:\/\/www.aerocycle.com\/fr\/\",\"logo\":{\"@type\":\"ImageObject\",\"inLanguage\":\"fr-FR\",\"@id\":\"https:\/\/www.aerocycle.com\/fr\/#\/schema\/logo\/image\/\",\"url\":\"https:\/\/www.aerocycle.com\/wp-content\/uploads\/2019\/06\/logo-Aerocycle-s.png\",\"contentUrl\":\"https:\/\/www.aerocycle.com\/wp-content\/uploads\/2019\/06\/logo-Aerocycle-s.png\",\"width\":103,\"height\":50,\"caption\":\"Aerocycle\"},\"image\":{\"@id\":\"https:\/\/www.aerocycle.com\/fr\/#\/schema\/logo\/image\/\"}},{\"@type\":\"Person\",\"@id\":\"https:\/\/www.aerocycle.com\/fr\/#\/schema\/person\/22014b89d662428437aad9950b86e075\",\"name\":\"Aerocycle\",\"image\":{\"@type\":\"ImageObject\",\"inLanguage\":\"fr-FR\",\"@id\":\"https:\/\/www.aerocycle.com\/fr\/#\/schema\/person\/image\/\",\"url\":\"https:\/\/secure.gravatar.com\/avatar\/e30eddd5cac43a69660ad0762ed3c8ecf8e169c0ccc3273c74b111e8892e83b3?s=96&d=mm&r=g\",\"contentUrl\":\"https:\/\/secure.gravatar.com\/avatar\/e30eddd5cac43a69660ad0762ed3c8ecf8e169c0ccc3273c74b111e8892e83b3?s=96&d=mm&r=g\",\"caption\":\"Aerocycle\"},\"url\":\"https:\/\/www.aerocycle.com\/fr\/author\/aerocycle\/\"}]}<\/script>\n<!-- \/ Yoast SEO plugin. -->","yoast_head_json":{"title":"Avions clou\u00e9s au sol : une source d\u2019occasions d\u2019affaires pour les fournisseurs de pi\u00e8ces de rechange - Aerocycle","robots":{"index":"index","follow":"follow","max-snippet":"max-snippet:-1","max-image-preview":"max-image-preview:large","max-video-preview":"max-video-preview:-1"},"canonical":"https:\/\/www.aerocycle.com\/fr\/2020\/09\/13\/avions-cloues-au-sol-une-source-doccasions-daffaires-pour-les-fournisseurs-de-pieces-de-rechange\/","og_locale":"fr_FR","og_type":"article","og_title":"Avions clou\u00e9s au sol : une source d\u2019occasions d\u2019affaires pour les fournisseurs de pi\u00e8ces de rechange - Aerocycle","og_description":"Alors que la pand\u00e9mie de COVID-19 immobilise une part importante de la flotte a\u00e9rienne \u00e0 l\u2019\u00e9chelle mondiale, les entreprises de d\u00e9mant\u00e8lement et fournisseurs de pi\u00e8ces d\u2019avions voient les premiers signes d\u2019une reprise attendue de leurs activit\u00e9s, avec l\u2019acc\u00e9l\u00e9ration par les transporteurs du retrait de leurs...","og_url":"https:\/\/www.aerocycle.com\/fr\/2020\/09\/13\/avions-cloues-au-sol-une-source-doccasions-daffaires-pour-les-fournisseurs-de-pieces-de-rechange\/","og_site_name":"Aerocycle","article_published_time":"2020-09-13T18:59:03+00:00","article_modified_time":"2020-09-21T14:32:48+00:00","og_image":[{"width":960,"height":540,"url":"https:\/\/www.aerocycle.com\/wp-content\/uploads\/2019\/07\/pw1100.jpg","type":"image\/jpeg"}],"author":"Aerocycle","twitter_card":"summary_large_image","twitter_misc":{"\u00c9crit par":"Aerocycle"},"schema":{"@context":"https:\/\/schema.org","@graph":[{"@type":"Article","@id":"https:\/\/www.aerocycle.com\/fr\/2020\/09\/13\/avions-cloues-au-sol-une-source-doccasions-daffaires-pour-les-fournisseurs-de-pieces-de-rechange\/#article","isPartOf":{"@id":"https:\/\/www.aerocycle.com\/fr\/2020\/09\/13\/avions-cloues-au-sol-une-source-doccasions-daffaires-pour-les-fournisseurs-de-pieces-de-rechange\/"},"author":{"name":"Aerocycle","@id":"https:\/\/www.aerocycle.com\/fr\/#\/schema\/person\/22014b89d662428437aad9950b86e075"},"headline":"Avions clou\u00e9s au sol : une source d\u2019occasions d\u2019affaires pour les fournisseurs de pi\u00e8ces de rechange","datePublished":"2020-09-13T18:59:03+00:00","dateModified":"2020-09-21T14:32:48+00:00","mainEntityOfPage":{"@id":"https:\/\/www.aerocycle.com\/fr\/2020\/09\/13\/avions-cloues-au-sol-une-source-doccasions-daffaires-pour-les-fournisseurs-de-pieces-de-rechange\/"},"wordCount":85,"publisher":{"@id":"https:\/\/www.aerocycle.com\/fr\/#organization"},"image":{"@id":"https:\/\/www.aerocycle.com\/fr\/2020\/09\/13\/avions-cloues-au-sol-une-source-doccasions-daffaires-pour-les-fournisseurs-de-pieces-de-rechange\/#primaryimage"},"thumbnailUrl":"https:\/\/www.aerocycle.com\/wp-content\/uploads\/2019\/07\/pw1100.jpg","articleSection":["M\u00e9dias"],"inLanguage":"fr-FR"},{"@type":"WebPage","@id":"https:\/\/www.aerocycle.com\/fr\/2020\/09\/13\/avions-cloues-au-sol-une-source-doccasions-daffaires-pour-les-fournisseurs-de-pieces-de-rechange\/","url":"https:\/\/www.aerocycle.com\/fr\/2020\/09\/13\/avions-cloues-au-sol-une-source-doccasions-daffaires-pour-les-fournisseurs-de-pieces-de-rechange\/","name":"Avions clou\u00e9s au sol : une source d\u2019occasions d\u2019affaires pour les fournisseurs de pi\u00e8ces de rechange - Aerocycle","isPartOf":{"@id":"https:\/\/www.aerocycle.com\/fr\/#website"},"primaryImageOfPage":{"@id":"https:\/\/www.aerocycle.com\/fr\/2020\/09\/13\/avions-cloues-au-sol-une-source-doccasions-daffaires-pour-les-fournisseurs-de-pieces-de-rechange\/#primaryimage"},"image":{"@id":"https:\/\/www.aerocycle.com\/fr\/2020\/09\/13\/avions-cloues-au-sol-une-source-doccasions-daffaires-pour-les-fournisseurs-de-pieces-de-rechange\/#primaryimage"},"thumbnailUrl":"https:\/\/www.aerocycle.com\/wp-content\/uploads\/2019\/07\/pw1100.jpg","datePublished":"2020-09-13T18:59:03+00:00","dateModified":"2020-09-21T14:32:48+00:00","breadcrumb":{"@id":"https:\/\/www.aerocycle.com\/fr\/2020\/09\/13\/avions-cloues-au-sol-une-source-doccasions-daffaires-pour-les-fournisseurs-de-pieces-de-rechange\/#breadcrumb"},"inLanguage":"fr-FR","potentialAction":[{"@type":"ReadAction","target":["https:\/\/www.aerocycle.com\/fr\/2020\/09\/13\/avions-cloues-au-sol-une-source-doccasions-daffaires-pour-les-fournisseurs-de-pieces-de-rechange\/"]}]},{"@type":"ImageObject","inLanguage":"fr-FR","@id":"https:\/\/www.aerocycle.com\/fr\/2020\/09\/13\/avions-cloues-au-sol-une-source-doccasions-daffaires-pour-les-fournisseurs-de-pieces-de-rechange\/#primaryimage","url":"https:\/\/www.aerocycle.com\/wp-content\/uploads\/2019\/07\/pw1100.jpg","contentUrl":"https:\/\/www.aerocycle.com\/wp-content\/uploads\/2019\/07\/pw1100.jpg","width":960,"height":540,"caption":"PW1100G-JM First Flight"},{"@type":"BreadcrumbList","@id":"https:\/\/www.aerocycle.com\/fr\/2020\/09\/13\/avions-cloues-au-sol-une-source-doccasions-daffaires-pour-les-fournisseurs-de-pieces-de-rechange\/#breadcrumb","itemListElement":[{"@type":"ListItem","position":1,"name":"Accueil","item":"https:\/\/www.aerocycle.com\/fr\/"},{"@type":"ListItem","position":2,"name":"Avions clou\u00e9s au sol : une source d\u2019occasions d\u2019affaires pour les fournisseurs de pi\u00e8ces de rechange"}]},{"@type":"WebSite","@id":"https:\/\/www.aerocycle.com\/fr\/#website","url":"https:\/\/www.aerocycle.com\/fr\/","name":"Aerocycle","description":"Un site utilisant WordPress","publisher":{"@id":"https:\/\/www.aerocycle.com\/fr\/#organization"},"potentialAction":[{"@type":"SearchAction","target":{"@type":"EntryPoint","urlTemplate":"https:\/\/www.aerocycle.com\/fr\/?s={search_term_string}"},"query-input":{"@type":"PropertyValueSpecification","valueRequired":true,"valueName":"search_term_string"}}],"inLanguage":"fr-FR"},{"@type":"Organization","@id":"https:\/\/www.aerocycle.com\/fr\/#organization","name":"Aerocycle","url":"https:\/\/www.aerocycle.com\/fr\/","logo":{"@type":"ImageObject","inLanguage":"fr-FR","@id":"https:\/\/www.aerocycle.com\/fr\/#\/schema\/logo\/image\/","url":"https:\/\/www.aerocycle.com\/wp-content\/uploads\/2019\/06\/logo-Aerocycle-s.png","contentUrl":"https:\/\/www.aerocycle.com\/wp-content\/uploads\/2019\/06\/logo-Aerocycle-s.png","width":103,"height":50,"caption":"Aerocycle"},"image":{"@id":"https:\/\/www.aerocycle.com\/fr\/#\/schema\/logo\/image\/"}},{"@type":"Person","@id":"https:\/\/www.aerocycle.com\/fr\/#\/schema\/person\/22014b89d662428437aad9950b86e075","name":"Aerocycle","image":{"@type":"ImageObject","inLanguage":"fr-FR","@id":"https:\/\/www.aerocycle.com\/fr\/#\/schema\/person\/image\/","url":"https:\/\/secure.gravatar.com\/avatar\/e30eddd5cac43a69660ad0762ed3c8ecf8e169c0ccc3273c74b111e8892e83b3?s=96&d=mm&r=g","contentUrl":"https:\/\/secure.gravatar.com\/avatar\/e30eddd5cac43a69660ad0762ed3c8ecf8e169c0ccc3273c74b111e8892e83b3?s=96&d=mm&r=g","caption":"Aerocycle"},"url":"https:\/\/www.aerocycle.com\/fr\/author\/aerocycle\/"}]}},"_links":{"self":[{"href":"https:\/\/www.aerocycle.com\/fr\/wp-json\/wp\/v2\/posts\/18104","targetHints":{"allow":["GET"]}}],"collection":[{"href":"https:\/\/www.aerocycle.com\/fr\/wp-json\/wp\/v2\/posts"}],"about":[{"href":"https:\/\/www.aerocycle.com\/fr\/wp-json\/wp\/v2\/types\/post"}],"author":[{"embeddable":true,"href":"https:\/\/www.aerocycle.com\/fr\/wp-json\/wp\/v2\/users\/2"}],"replies":[{"embeddable":true,"href":"https:\/\/www.aerocycle.com\/fr\/wp-json\/wp\/v2\/comments?post=18104"}],"version-history":[{"count":2,"href":"https:\/\/www.aerocycle.com\/fr\/wp-json\/wp\/v2\/posts\/18104\/revisions"}],"predecessor-version":[{"id":18113,"href":"https:\/\/www.aerocycle.com\/fr\/wp-json\/wp\/v2\/posts\/18104\/revisions\/18113"}],"wp:featuredmedia":[{"embeddable":true,"href":"https:\/\/www.aerocycle.com\/fr\/wp-json\/wp\/v2\/media\/17359"}],"wp:attachment":[{"href":"https:\/\/www.aerocycle.com\/fr\/wp-json\/wp\/v2\/media?parent=18104"}],"wp:term":[{"taxonomy":"category","embeddable":true,"href":"https:\/\/www.aerocycle.com\/fr\/wp-json\/wp\/v2\/categories?post=18104"},{"taxonomy":"post_tag","embeddable":true,"href":"https:\/\/www.aerocycle.com\/fr\/wp-json\/wp\/v2\/tags?post=18104"}],"curies":[{"name":"wp","href":"https:\/\/api.w.org\/{rel}","templated":true}]}}