{"id":18134,"date":"2020-09-19T17:01:37","date_gmt":"2020-09-19T15:01:37","guid":{"rendered":"https:\/\/dev2025.aerocycle.com\/?p=18134"},"modified":"2020-09-21T22:45:54","modified_gmt":"2020-09-21T20:45:54","slug":"un-quebecois-veut-recycler-ici-les-avions-retires-par-la-pandemie","status":"publish","type":"post","link":"https:\/\/www.aerocycle.com\/fr\/2020\/09\/19\/un-quebecois-veut-recycler-ici-les-avions-retires-par-la-pandemie\/","title":{"rendered":"Un Qu\u00e9b\u00e9cois veut recycler ici les avions retir\u00e9s par la pand\u00e9mie"},"content":{"rendered":"<p>La crise sans pr\u00e9c\u00e9dent qui \u00e9branle le secteur a\u00e9rien a eu pour effet d\u2019envoyer au rancart des milliers d\u2019avions. Ron Haber aimerait bien s\u2019occuper de certains d\u2019entre eux.<br \/>\n<!--more--><\/p>\n<p><a href=\"https:\/\/www.journaldemontreal.com\/2020\/09\/19\/un-quebecois-veut-recycler-ici-les-avions-retires-par-la-pandemie\" target=\"_blank\" rel=\"noopener noreferrer\">Lisez l\u2019article du Journal de Montr\u00e9al.<\/a><\/p>\n","protected":false},"excerpt":{"rendered":"<p>La crise sans pr\u00e9c\u00e9dent qui \u00e9branle le secteur a\u00e9rien a eu pour effet d\u2019envoyer au rancart des milliers d\u2019avions. Ron Haber aimerait bien s\u2019occuper de certains d\u2019entre eux.<\/p>\n","protected":false},"author":2,"featured_media":17501,"comment_status":"closed","ping_status":"closed","sticky":false,"template":"","format":"standard","meta":{"footnotes":""},"categories":[133],"tags":[],"class_list":["post-18134","post","type-post","status-publish","format-standard","has-post-thumbnail","hentry","category-medias"],"yoast_head":"<!-- This site is optimized with the Yoast SEO plugin v26.6 - https:\/\/yoast.com\/wordpress\/plugins\/seo\/ -->\n<title>Un Qu\u00e9b\u00e9cois veut recycler ici les avions retir\u00e9s par la pand\u00e9mie - Aerocycle<\/title>\n<meta name=\"robots\" content=\"index, follow, max-snippet:-1, max-image-preview:large, max-video-preview:-1\" \/>\n<link rel=\"canonical\" href=\"https:\/\/www.aerocycle.com\/fr\/2020\/09\/19\/un-quebecois-veut-recycler-ici-les-avions-retires-par-la-pandemie\/\" \/>\n<meta property=\"og:locale\" content=\"fr_FR\" \/>\n<meta property=\"og:type\" content=\"article\" \/>\n<meta property=\"og:title\" content=\"Un Qu\u00e9b\u00e9cois veut recycler ici les avions retir\u00e9s par la pand\u00e9mie - Aerocycle\" \/>\n<meta property=\"og:description\" content=\"La crise sans pr\u00e9c\u00e9dent qui \u00e9branle le secteur a\u00e9rien a eu pour effet d\u2019envoyer au rancart des milliers d\u2019avions. Ron Haber aimerait bien s\u2019occuper de certains d\u2019entre eux.\" \/>\n<meta property=\"og:url\" content=\"https:\/\/www.aerocycle.com\/fr\/2020\/09\/19\/un-quebecois-veut-recycler-ici-les-avions-retires-par-la-pandemie\/\" \/>\n<meta property=\"og:site_name\" content=\"Aerocycle\" \/>\n<meta property=\"article:published_time\" content=\"2020-09-19T15:01:37+00:00\" \/>\n<meta property=\"article:modified_time\" content=\"2020-09-21T20:45:54+00:00\" \/>\n<meta property=\"og:image\" content=\"https:\/\/www.aerocycle.com\/wp-content\/uploads\/2019\/07\/A310.jpg\" \/>\n\t<meta property=\"og:image:width\" content=\"1440\" \/>\n\t<meta property=\"og:image:height\" content=\"483\" \/>\n\t<meta property=\"og:image:type\" content=\"image\/jpeg\" \/>\n<meta name=\"author\" content=\"Aerocycle\" \/>\n<meta name=\"twitter:card\" content=\"summary_large_image\" \/>\n<meta name=\"twitter:label1\" content=\"\u00c9crit par\" \/>\n\t<meta name=\"twitter:data1\" content=\"Aerocycle\" \/>\n<script type=\"application\/ld+json\" class=\"yoast-schema-graph\">{\"@context\":\"https:\/\/schema.org\",\"@graph\":[{\"@type\":\"Article\",\"@id\":\"https:\/\/www.aerocycle.com\/fr\/2020\/09\/19\/un-quebecois-veut-recycler-ici-les-avions-retires-par-la-pandemie\/#article\",\"isPartOf\":{\"@id\":\"https:\/\/www.aerocycle.com\/fr\/2020\/09\/19\/un-quebecois-veut-recycler-ici-les-avions-retires-par-la-pandemie\/\"},\"author\":{\"name\":\"Aerocycle\",\"@id\":\"https:\/\/www.aerocycle.com\/fr\/#\/schema\/person\/22014b89d662428437aad9950b86e075\"},\"headline\":\"Un Qu\u00e9b\u00e9cois veut recycler ici les avions retir\u00e9s par la pand\u00e9mie\",\"datePublished\":\"2020-09-19T15:01:37+00:00\",\"dateModified\":\"2020-09-21T20:45:54+00:00\",\"mainEntityOfPage\":{\"@id\":\"https:\/\/www.aerocycle.com\/fr\/2020\/09\/19\/un-quebecois-veut-recycler-ici-les-avions-retires-par-la-pandemie\/\"},\"wordCount\":58,\"publisher\":{\"@id\":\"https:\/\/www.aerocycle.com\/fr\/#organization\"},\"image\":{\"@id\":\"https:\/\/www.aerocycle.com\/fr\/2020\/09\/19\/un-quebecois-veut-recycler-ici-les-avions-retires-par-la-pandemie\/#primaryimage\"},\"thumbnailUrl\":\"https:\/\/www.aerocycle.com\/wp-content\/uploads\/2019\/07\/A310.jpg\",\"articleSection\":[\"M\u00e9dias\"],\"inLanguage\":\"fr-FR\"},{\"@type\":\"WebPage\",\"@id\":\"https:\/\/www.aerocycle.com\/fr\/2020\/09\/19\/un-quebecois-veut-recycler-ici-les-avions-retires-par-la-pandemie\/\",\"url\":\"https:\/\/www.aerocycle.com\/fr\/2020\/09\/19\/un-quebecois-veut-recycler-ici-les-avions-retires-par-la-pandemie\/\",\"name\":\"Un Qu\u00e9b\u00e9cois veut recycler ici les avions retir\u00e9s par la pand\u00e9mie - Aerocycle\",\"isPartOf\":{\"@id\":\"https:\/\/www.aerocycle.com\/fr\/#website\"},\"primaryImageOfPage\":{\"@id\":\"https:\/\/www.aerocycle.com\/fr\/2020\/09\/19\/un-quebecois-veut-recycler-ici-les-avions-retires-par-la-pandemie\/#primaryimage\"},\"image\":{\"@id\":\"https:\/\/www.aerocycle.com\/fr\/2020\/09\/19\/un-quebecois-veut-recycler-ici-les-avions-retires-par-la-pandemie\/#primaryimage\"},\"thumbnailUrl\":\"https:\/\/www.aerocycle.com\/wp-content\/uploads\/2019\/07\/A310.jpg\",\"datePublished\":\"2020-09-19T15:01:37+00:00\",\"dateModified\":\"2020-09-21T20:45:54+00:00\",\"breadcrumb\":{\"@id\":\"https:\/\/www.aerocycle.com\/fr\/2020\/09\/19\/un-quebecois-veut-recycler-ici-les-avions-retires-par-la-pandemie\/#breadcrumb\"},\"inLanguage\":\"fr-FR\",\"potentialAction\":[{\"@type\":\"ReadAction\",\"target\":[\"https:\/\/www.aerocycle.com\/fr\/2020\/09\/19\/un-quebecois-veut-recycler-ici-les-avions-retires-par-la-pandemie\/\"]}]},{\"@type\":\"ImageObject\",\"inLanguage\":\"fr-FR\",\"@id\":\"https:\/\/www.aerocycle.com\/fr\/2020\/09\/19\/un-quebecois-veut-recycler-ici-les-avions-retires-par-la-pandemie\/#primaryimage\",\"url\":\"https:\/\/www.aerocycle.com\/wp-content\/uploads\/2019\/07\/A310.jpg\",\"contentUrl\":\"https:\/\/www.aerocycle.com\/wp-content\/uploads\/2019\/07\/A310.jpg\",\"width\":1440,\"height\":483},{\"@type\":\"BreadcrumbList\",\"@id\":\"https:\/\/www.aerocycle.com\/fr\/2020\/09\/19\/un-quebecois-veut-recycler-ici-les-avions-retires-par-la-pandemie\/#breadcrumb\",\"itemListElement\":[{\"@type\":\"ListItem\",\"position\":1,\"name\":\"Accueil\",\"item\":\"https:\/\/www.aerocycle.com\/fr\/\"},{\"@type\":\"ListItem\",\"position\":2,\"name\":\"Un Qu\u00e9b\u00e9cois veut recycler ici les avions retir\u00e9s par la pand\u00e9mie\"}]},{\"@type\":\"WebSite\",\"@id\":\"https:\/\/www.aerocycle.com\/fr\/#website\",\"url\":\"https:\/\/www.aerocycle.com\/fr\/\",\"name\":\"Aerocycle\",\"description\":\"Un site utilisant WordPress\",\"publisher\":{\"@id\":\"https:\/\/www.aerocycle.com\/fr\/#organization\"},\"potentialAction\":[{\"@type\":\"SearchAction\",\"target\":{\"@type\":\"EntryPoint\",\"urlTemplate\":\"https:\/\/www.aerocycle.com\/fr\/?s={search_term_string}\"},\"query-input\":{\"@type\":\"PropertyValueSpecification\",\"valueRequired\":true,\"valueName\":\"search_term_string\"}}],\"inLanguage\":\"fr-FR\"},{\"@type\":\"Organization\",\"@id\":\"https:\/\/www.aerocycle.com\/fr\/#organization\",\"name\":\"Aerocycle\",\"url\":\"https:\/\/www.aerocycle.com\/fr\/\",\"logo\":{\"@type\":\"ImageObject\",\"inLanguage\":\"fr-FR\",\"@id\":\"https:\/\/www.aerocycle.com\/fr\/#\/schema\/logo\/image\/\",\"url\":\"https:\/\/www.aerocycle.com\/wp-content\/uploads\/2019\/06\/logo-Aerocycle-s.png\",\"contentUrl\":\"https:\/\/www.aerocycle.com\/wp-content\/uploads\/2019\/06\/logo-Aerocycle-s.png\",\"width\":103,\"height\":50,\"caption\":\"Aerocycle\"},\"image\":{\"@id\":\"https:\/\/www.aerocycle.com\/fr\/#\/schema\/logo\/image\/\"}},{\"@type\":\"Person\",\"@id\":\"https:\/\/www.aerocycle.com\/fr\/#\/schema\/person\/22014b89d662428437aad9950b86e075\",\"name\":\"Aerocycle\",\"image\":{\"@type\":\"ImageObject\",\"inLanguage\":\"fr-FR\",\"@id\":\"https:\/\/www.aerocycle.com\/fr\/#\/schema\/person\/image\/\",\"url\":\"https:\/\/secure.gravatar.com\/avatar\/e30eddd5cac43a69660ad0762ed3c8ecf8e169c0ccc3273c74b111e8892e83b3?s=96&d=mm&r=g\",\"contentUrl\":\"https:\/\/secure.gravatar.com\/avatar\/e30eddd5cac43a69660ad0762ed3c8ecf8e169c0ccc3273c74b111e8892e83b3?s=96&d=mm&r=g\",\"caption\":\"Aerocycle\"},\"url\":\"https:\/\/www.aerocycle.com\/fr\/author\/aerocycle\/\"}]}<\/script>\n<!-- \/ Yoast SEO plugin. -->","yoast_head_json":{"title":"Un Qu\u00e9b\u00e9cois veut recycler ici les avions retir\u00e9s par la pand\u00e9mie - Aerocycle","robots":{"index":"index","follow":"follow","max-snippet":"max-snippet:-1","max-image-preview":"max-image-preview:large","max-video-preview":"max-video-preview:-1"},"canonical":"https:\/\/www.aerocycle.com\/fr\/2020\/09\/19\/un-quebecois-veut-recycler-ici-les-avions-retires-par-la-pandemie\/","og_locale":"fr_FR","og_type":"article","og_title":"Un Qu\u00e9b\u00e9cois veut recycler ici les avions retir\u00e9s par la pand\u00e9mie - Aerocycle","og_description":"La crise sans pr\u00e9c\u00e9dent qui \u00e9branle le secteur a\u00e9rien a eu pour effet d\u2019envoyer au rancart des milliers d\u2019avions. Ron Haber aimerait bien s\u2019occuper de certains d\u2019entre eux.","og_url":"https:\/\/www.aerocycle.com\/fr\/2020\/09\/19\/un-quebecois-veut-recycler-ici-les-avions-retires-par-la-pandemie\/","og_site_name":"Aerocycle","article_published_time":"2020-09-19T15:01:37+00:00","article_modified_time":"2020-09-21T20:45:54+00:00","og_image":[{"width":1440,"height":483,"url":"https:\/\/www.aerocycle.com\/wp-content\/uploads\/2019\/07\/A310.jpg","type":"image\/jpeg"}],"author":"Aerocycle","twitter_card":"summary_large_image","twitter_misc":{"\u00c9crit par":"Aerocycle"},"schema":{"@context":"https:\/\/schema.org","@graph":[{"@type":"Article","@id":"https:\/\/www.aerocycle.com\/fr\/2020\/09\/19\/un-quebecois-veut-recycler-ici-les-avions-retires-par-la-pandemie\/#article","isPartOf":{"@id":"https:\/\/www.aerocycle.com\/fr\/2020\/09\/19\/un-quebecois-veut-recycler-ici-les-avions-retires-par-la-pandemie\/"},"author":{"name":"Aerocycle","@id":"https:\/\/www.aerocycle.com\/fr\/#\/schema\/person\/22014b89d662428437aad9950b86e075"},"headline":"Un Qu\u00e9b\u00e9cois veut recycler ici les avions retir\u00e9s par la pand\u00e9mie","datePublished":"2020-09-19T15:01:37+00:00","dateModified":"2020-09-21T20:45:54+00:00","mainEntityOfPage":{"@id":"https:\/\/www.aerocycle.com\/fr\/2020\/09\/19\/un-quebecois-veut-recycler-ici-les-avions-retires-par-la-pandemie\/"},"wordCount":58,"publisher":{"@id":"https:\/\/www.aerocycle.com\/fr\/#organization"},"image":{"@id":"https:\/\/www.aerocycle.com\/fr\/2020\/09\/19\/un-quebecois-veut-recycler-ici-les-avions-retires-par-la-pandemie\/#primaryimage"},"thumbnailUrl":"https:\/\/www.aerocycle.com\/wp-content\/uploads\/2019\/07\/A310.jpg","articleSection":["M\u00e9dias"],"inLanguage":"fr-FR"},{"@type":"WebPage","@id":"https:\/\/www.aerocycle.com\/fr\/2020\/09\/19\/un-quebecois-veut-recycler-ici-les-avions-retires-par-la-pandemie\/","url":"https:\/\/www.aerocycle.com\/fr\/2020\/09\/19\/un-quebecois-veut-recycler-ici-les-avions-retires-par-la-pandemie\/","name":"Un Qu\u00e9b\u00e9cois veut recycler ici les avions retir\u00e9s par la pand\u00e9mie - Aerocycle","isPartOf":{"@id":"https:\/\/www.aerocycle.com\/fr\/#website"},"primaryImageOfPage":{"@id":"https:\/\/www.aerocycle.com\/fr\/2020\/09\/19\/un-quebecois-veut-recycler-ici-les-avions-retires-par-la-pandemie\/#primaryimage"},"image":{"@id":"https:\/\/www.aerocycle.com\/fr\/2020\/09\/19\/un-quebecois-veut-recycler-ici-les-avions-retires-par-la-pandemie\/#primaryimage"},"thumbnailUrl":"https:\/\/www.aerocycle.com\/wp-content\/uploads\/2019\/07\/A310.jpg","datePublished":"2020-09-19T15:01:37+00:00","dateModified":"2020-09-21T20:45:54+00:00","breadcrumb":{"@id":"https:\/\/www.aerocycle.com\/fr\/2020\/09\/19\/un-quebecois-veut-recycler-ici-les-avions-retires-par-la-pandemie\/#breadcrumb"},"inLanguage":"fr-FR","potentialAction":[{"@type":"ReadAction","target":["https:\/\/www.aerocycle.com\/fr\/2020\/09\/19\/un-quebecois-veut-recycler-ici-les-avions-retires-par-la-pandemie\/"]}]},{"@type":"ImageObject","inLanguage":"fr-FR","@id":"https:\/\/www.aerocycle.com\/fr\/2020\/09\/19\/un-quebecois-veut-recycler-ici-les-avions-retires-par-la-pandemie\/#primaryimage","url":"https:\/\/www.aerocycle.com\/wp-content\/uploads\/2019\/07\/A310.jpg","contentUrl":"https:\/\/www.aerocycle.com\/wp-content\/uploads\/2019\/07\/A310.jpg","width":1440,"height":483},{"@type":"BreadcrumbList","@id":"https:\/\/www.aerocycle.com\/fr\/2020\/09\/19\/un-quebecois-veut-recycler-ici-les-avions-retires-par-la-pandemie\/#breadcrumb","itemListElement":[{"@type":"ListItem","position":1,"name":"Accueil","item":"https:\/\/www.aerocycle.com\/fr\/"},{"@type":"ListItem","position":2,"name":"Un Qu\u00e9b\u00e9cois veut recycler ici les avions retir\u00e9s par la pand\u00e9mie"}]},{"@type":"WebSite","@id":"https:\/\/www.aerocycle.com\/fr\/#website","url":"https:\/\/www.aerocycle.com\/fr\/","name":"Aerocycle","description":"Un site utilisant WordPress","publisher":{"@id":"https:\/\/www.aerocycle.com\/fr\/#organization"},"potentialAction":[{"@type":"SearchAction","target":{"@type":"EntryPoint","urlTemplate":"https:\/\/www.aerocycle.com\/fr\/?s={search_term_string}"},"query-input":{"@type":"PropertyValueSpecification","valueRequired":true,"valueName":"search_term_string"}}],"inLanguage":"fr-FR"},{"@type":"Organization","@id":"https:\/\/www.aerocycle.com\/fr\/#organization","name":"Aerocycle","url":"https:\/\/www.aerocycle.com\/fr\/","logo":{"@type":"ImageObject","inLanguage":"fr-FR","@id":"https:\/\/www.aerocycle.com\/fr\/#\/schema\/logo\/image\/","url":"https:\/\/www.aerocycle.com\/wp-content\/uploads\/2019\/06\/logo-Aerocycle-s.png","contentUrl":"https:\/\/www.aerocycle.com\/wp-content\/uploads\/2019\/06\/logo-Aerocycle-s.png","width":103,"height":50,"caption":"Aerocycle"},"image":{"@id":"https:\/\/www.aerocycle.com\/fr\/#\/schema\/logo\/image\/"}},{"@type":"Person","@id":"https:\/\/www.aerocycle.com\/fr\/#\/schema\/person\/22014b89d662428437aad9950b86e075","name":"Aerocycle","image":{"@type":"ImageObject","inLanguage":"fr-FR","@id":"https:\/\/www.aerocycle.com\/fr\/#\/schema\/person\/image\/","url":"https:\/\/secure.gravatar.com\/avatar\/e30eddd5cac43a69660ad0762ed3c8ecf8e169c0ccc3273c74b111e8892e83b3?s=96&d=mm&r=g","contentUrl":"https:\/\/secure.gravatar.com\/avatar\/e30eddd5cac43a69660ad0762ed3c8ecf8e169c0ccc3273c74b111e8892e83b3?s=96&d=mm&r=g","caption":"Aerocycle"},"url":"https:\/\/www.aerocycle.com\/fr\/author\/aerocycle\/"}]}},"_links":{"self":[{"href":"https:\/\/www.aerocycle.com\/fr\/wp-json\/wp\/v2\/posts\/18134","targetHints":{"allow":["GET"]}}],"collection":[{"href":"https:\/\/www.aerocycle.com\/fr\/wp-json\/wp\/v2\/posts"}],"about":[{"href":"https:\/\/www.aerocycle.com\/fr\/wp-json\/wp\/v2\/types\/post"}],"author":[{"embeddable":true,"href":"https:\/\/www.aerocycle.com\/fr\/wp-json\/wp\/v2\/users\/2"}],"replies":[{"embeddable":true,"href":"https:\/\/www.aerocycle.com\/fr\/wp-json\/wp\/v2\/comments?post=18134"}],"version-history":[{"count":1,"href":"https:\/\/www.aerocycle.com\/fr\/wp-json\/wp\/v2\/posts\/18134\/revisions"}],"predecessor-version":[{"id":18136,"href":"https:\/\/www.aerocycle.com\/fr\/wp-json\/wp\/v2\/posts\/18134\/revisions\/18136"}],"wp:featuredmedia":[{"embeddable":true,"href":"https:\/\/www.aerocycle.com\/fr\/wp-json\/wp\/v2\/media\/17501"}],"wp:attachment":[{"href":"https:\/\/www.aerocycle.com\/fr\/wp-json\/wp\/v2\/media?parent=18134"}],"wp:term":[{"taxonomy":"category","embeddable":true,"href":"https:\/\/www.aerocycle.com\/fr\/wp-json\/wp\/v2\/categories?post=18134"},{"taxonomy":"post_tag","embeddable":true,"href":"https:\/\/www.aerocycle.com\/fr\/wp-json\/wp\/v2\/tags?post=18134"}],"curies":[{"name":"wp","href":"https:\/\/api.w.org\/{rel}","templated":true}]}}